{"id":11087,"date":"2024-07-20T06:52:00","date_gmt":"2024-07-20T04:52:00","guid":{"rendered":"https:\/\/waltin.se\/josefinwaltinspinner\/?p=11087"},"modified":"2024-07-19T20:43:57","modified_gmt":"2024-07-19T18:43:57","slug":"into-the-forest","status":"publish","type":"post","link":"https:\/\/waltin.se\/josefinwaltinspinner\/into-the-forest\/","title":{"rendered":"Into the forest"},"content":{"rendered":"\n<p class=\"has-medium-font-size\">During the past year Dan and I have visited sheep owners to take photos of Swedish sheep breeds for my book, Listen to the Wool. Today I invite you into the forest for a photo shoot of a forest breed, <a href=\"https:\/\/waltin.se\/josefinwaltinspinner\/asen-wool\/\">\u00c5sen sheep<\/a>.<\/p>\n\n\n\n<p>Dan and I go to see Milis and her 24 \u00c5sen sheep. The breed used to be bundled with Gestrike, Helsinge, V\u00e4rmland and Sv\u00e4rdsj\u00f6 sheep as skogsf\u00e5r, forest sheep, but since the end of the 20th century they are all considered individual breeds.<\/p>\n\n\n\n<h2 class=\"wp-block-heading\">Into the forest we go<\/h2>\n\n\n\n<p>Milis keeps half of her \u00c5sen flock in the forest a ten minute drive from her house. The forest belongs to Per who wants it grazed. When we get there we are struck by the openness of the forest \u2013 the understory and the forest floor are light and airy and the light magical.<\/p>\n\n\n\n<p>Per takes the lead with a bucket full of bribes as we walk along paths the sheep have paved through the vegetation. Silently, as not to scare the sheep who become nearly wild during the summer, we wade through waist high fern and duck under hazel branches.<\/p>\n\n\n\n<figure class=\"wp-block-image size-large\"><img data-recalc-dims=\"1\" loading=\"lazy\" decoding=\"async\" width=\"525\" height=\"700\" data-attachment-id=\"11094\" data-permalink=\"https:\/\/waltin.se\/josefinwaltinspinner\/asenfar-2\/\" data-orig-file=\"https:\/\/i0.wp.com\/waltin.se\/josefinwaltinspinner\/wp-content\/uploads\/2024\/07\/IMG_2474-scaled.jpeg?fit=1920%2C2560&amp;ssl=1\" data-orig-size=\"1920,2560\" data-comments-opened=\"1\" data-image-meta=\"{&quot;aperture&quot;:&quot;2.8&quot;,&quot;credit&quot;:&quot;&quot;,&quot;camera&quot;:&quot;iPhone 13 Pro&quot;,&quot;caption&quot;:&quot;\\u00c5senf\\u00e5r&quot;,&quot;created_timestamp&quot;:&quot;1721126600&quot;,&quot;copyright&quot;:&quot;&quot;,&quot;focal_length&quot;:&quot;9&quot;,&quot;iso&quot;:&quot;64&quot;,&quot;shutter_speed&quot;:&quot;0.01010101010101&quot;,&quot;title&quot;:&quot;\\u00c5senf\\u00e5r&quot;,&quot;orientation&quot;:&quot;1&quot;}\" data-image-title=\"\u00c5senf\u00e5r\" data-image-description=\"\" data-image-caption=\"&lt;p&gt;\u00c5senf\u00e5r&lt;\/p&gt;\n\" data-large-file=\"https:\/\/i0.wp.com\/waltin.se\/josefinwaltinspinner\/wp-content\/uploads\/2024\/07\/IMG_2474-scaled.jpeg?fit=525%2C700&amp;ssl=1\" src=\"https:\/\/i0.wp.com\/waltin.se\/josefinwaltinspinner\/wp-content\/uploads\/2024\/07\/IMG_2474.jpeg?resize=525%2C700&#038;ssl=1\" alt=\"A man taking photos of grey sheep in the forest.\" class=\"wp-image-11094\" srcset=\"https:\/\/i0.wp.com\/waltin.se\/josefinwaltinspinner\/wp-content\/uploads\/2024\/07\/IMG_2474-scaled.jpeg?resize=768%2C1024&amp;ssl=1 768w, https:\/\/i0.wp.com\/waltin.se\/josefinwaltinspinner\/wp-content\/uploads\/2024\/07\/IMG_2474-scaled.jpeg?resize=225%2C300&amp;ssl=1 225w, https:\/\/i0.wp.com\/waltin.se\/josefinwaltinspinner\/wp-content\/uploads\/2024\/07\/IMG_2474-scaled.jpeg?resize=1152%2C1536&amp;ssl=1 1152w, https:\/\/i0.wp.com\/waltin.se\/josefinwaltinspinner\/wp-content\/uploads\/2024\/07\/IMG_2474-scaled.jpeg?resize=1536%2C2048&amp;ssl=1 1536w, https:\/\/i0.wp.com\/waltin.se\/josefinwaltinspinner\/wp-content\/uploads\/2024\/07\/IMG_2474-scaled.jpeg?w=1920&amp;ssl=1 1920w, https:\/\/i0.wp.com\/waltin.se\/josefinwaltinspinner\/wp-content\/uploads\/2024\/07\/IMG_2474-scaled.jpeg?w=1050&amp;ssl=1 1050w\" sizes=\"auto, (max-width: 767px) 89vw, (max-width: 1000px) 54vw, (max-width: 1071px) 543px, 580px\" \/><figcaption class=\"wp-element-caption\">The \u00c5sen sheep stand patiently while Dan gets some lovely photos of them.<\/figcaption><\/figure>\n\n\n\n<p>After ten minutes into the forest we come to a hill with a collection of stones, rounder than the ones we have passed on the way and in all shades of grey. Curious black heads rise from between them, and we realize the stones are the sheep themselves. They see Per and know it means treats, but they also see Dan and stay, linger. Dan is used to lingering sheep by now and has his telephoto lens ready. They flaunt their clean and shiny fleeces and Dan gets beautiful shots despite the distance. When he has what he needs Per offers his bribes to the flock and they tumble around the bucket, toss it into the air and empty it in seconds. We walk back in silence, all I can hear is my heart tingling.<\/p>\n\n\n\n<h2 class=\"wp-block-heading\">For the love of wool<\/h2>\n\n\n\n<p>Milis has decades of experience as a spinner and bought her sheep 24 years ago for the sake of their wool. She documents the wool meticulously and uses it all herself, mostly for weaving. That means the fleeces of 24 sheep twice a year. We talk about the treasure that her wool is, about all the work that is put into its quality. Milis and her husband have changed the way they feed the sheep during the winter, to keep the food out of the fleeces. When I look at the wall of baskets full of wool I see no sign of vegetation matter in the flora of greys. All I can see is the treasure her wool is and the love, skill and dedication she has put into it.<\/p>\n\n\n\n<h2 class=\"wp-block-heading\">Singing the song of wool<\/h2>\n\n\n\n<p>Just as the other Swedish heritage breeds, wool from \u00c5sen sheep can be very versatile, between flocks and individuals as well as over the body of the same sheep. The quality also differs between seasons and years. Usually they grow quite a lot of undercoat during the winter to keep the body warm. At the same time, the wool can be of lower quality due to pregnancies, but this year the sheep haven&#8217;t been served by the ram and all the nutrients have gone to the sheep themselves. This year&#8217;s spring shearing is spectacular with its abundance of airy undercoat, glistening with lanolin.<\/p>\n\n\n\n<figure class=\"wp-block-image size-large\"><img data-recalc-dims=\"1\" loading=\"lazy\" decoding=\"async\" width=\"525\" height=\"362\" data-attachment-id=\"11099\" data-permalink=\"https:\/\/waltin.se\/josefinwaltinspinner\/img_2663-2\/\" data-orig-file=\"https:\/\/i0.wp.com\/waltin.se\/josefinwaltinspinner\/wp-content\/uploads\/2024\/07\/IMG_2663-scaled.jpeg?fit=2560%2C1766&amp;ssl=1\" data-orig-size=\"2560,1766\" data-comments-opened=\"1\" data-image-meta=\"{&quot;aperture&quot;:&quot;1.5&quot;,&quot;credit&quot;:&quot;&quot;,&quot;camera&quot;:&quot;iPhone 13 Pro&quot;,&quot;caption&quot;:&quot;&quot;,&quot;created_timestamp&quot;:&quot;1721414771&quot;,&quot;copyright&quot;:&quot;&quot;,&quot;focal_length&quot;:&quot;5.7&quot;,&quot;iso&quot;:&quot;50&quot;,&quot;shutter_speed&quot;:&quot;0.0082644628099174&quot;,&quot;title&quot;:&quot;&quot;,&quot;orientation&quot;:&quot;1&quot;}\" data-image-title=\"IMG_2663\" data-image-description=\"&lt;p&gt;Four sampels of wool in shades from natural white to almost black. The staples are airy at the cut ends and thin at the tip ends.&lt;\/p&gt;\n\" data-image-caption=\"&lt;p&gt;Raw sampels from four of Milis\u2019 spring shorn \u00c5sen sheep.&lt;\/p&gt;\n\" data-large-file=\"https:\/\/i0.wp.com\/waltin.se\/josefinwaltinspinner\/wp-content\/uploads\/2024\/07\/IMG_2663-scaled.jpeg?fit=525%2C362&amp;ssl=1\" src=\"https:\/\/i0.wp.com\/waltin.se\/josefinwaltinspinner\/wp-content\/uploads\/2024\/07\/IMG_2663.jpeg?resize=525%2C362&#038;ssl=1\" alt=\"\" class=\"wp-image-11099\" srcset=\"https:\/\/i0.wp.com\/waltin.se\/josefinwaltinspinner\/wp-content\/uploads\/2024\/07\/IMG_2663-scaled.jpeg?resize=1024%2C706&amp;ssl=1 1024w, https:\/\/i0.wp.com\/waltin.se\/josefinwaltinspinner\/wp-content\/uploads\/2024\/07\/IMG_2663-scaled.jpeg?resize=300%2C207&amp;ssl=1 300w, https:\/\/i0.wp.com\/waltin.se\/josefinwaltinspinner\/wp-content\/uploads\/2024\/07\/IMG_2663-scaled.jpeg?resize=768%2C530&amp;ssl=1 768w, https:\/\/i0.wp.com\/waltin.se\/josefinwaltinspinner\/wp-content\/uploads\/2024\/07\/IMG_2663-scaled.jpeg?resize=1536%2C1059&amp;ssl=1 1536w, https:\/\/i0.wp.com\/waltin.se\/josefinwaltinspinner\/wp-content\/uploads\/2024\/07\/IMG_2663-scaled.jpeg?resize=2048%2C1412&amp;ssl=1 2048w\" sizes=\"auto, (max-width: 767px) 89vw, (max-width: 1000px) 54vw, (max-width: 1071px) 543px, 580px\" \/><figcaption class=\"wp-element-caption\">Raw sampels from four of Milis\u2019 spring shorn \u00c5sen sheep. She says these have a lot more undercoat than the autumn shorn wool.<\/figcaption><\/figure>\n\n\n\n<p>I get to take samples from four fleeces and I treasure them like diamonds. As I write this piece, the sheepy smell fills the room and my heart with a song that only a spinner can hear.<\/p>\n\n\n\n<p>Tack Milis!<\/p>\n\n\n\n<p class=\"has-text-align-center has-medium-font-size\">Happy spinning!<\/p>\n\n\n\n<hr class=\"wp-block-separator has-alpha-channel-opacity\"\/>\n\n\n\n<h2 class=\"wp-block-heading has-text-align-center\">You can find me in several social media:<\/h2>\n\n\n\n<ul class=\"wp-block-list\">\n<li>This&nbsp;<a href=\"https:\/\/waltin.se\/josefinwaltinspinner\/blog\/\"><strong>blog<\/strong><\/a>&nbsp;is my main channel. This is where I write weekly posts, mainly about spinning. Do subscribe!<\/li>\n\n\n\n<li>I share essay-style writing on <a href=\"https:\/\/josefinwaltin.substack.com\"><strong>Substack<\/strong><\/a>. Come and have a look!<\/li>\n\n\n\n<li>My<strong>&nbsp;<a href=\"https:\/\/www.youtube.com\/channel\/UCLBBuYv4kff8RQ_oY-PNEqg?view_as=subscriber\">youtube channel<\/a><\/strong>&nbsp;is where I release a lot of my videos.&nbsp;<em>Subscribe to be sure not to miss anything!<\/em><\/li>\n\n\n\n<li>I have a&nbsp;<strong><a href=\"https:\/\/www.facebook.com\/josefinwaltinspinner\/\">facebook page<\/a>&nbsp;<\/strong>where I link to all my blog posts,&nbsp;<em>you are welcome to follow me there<\/em>.<\/li>\n\n\n\n<li>I run an&nbsp;<strong><a href=\"https:\/\/josefinwaltinspinner.teachable.com\">online spinning school<\/a>,<\/strong>&nbsp;welcome to join a course! You can also check out my&nbsp;<a href=\"https:\/\/waltin.se\/josefinwaltinspinner\/courses-kurser\/\">course page<\/a>&nbsp;for courses in Sweden or to book me for a lecture.<\/li>\n\n\n\n<li>On&nbsp;<a href=\"https:\/\/www.patreon.com\/josefinwaltinspinner\/posts\"><strong>Patreon<\/strong><\/a>&nbsp;you can get early access to new videos and other Patreon only benefits.&nbsp;The contributions from my&nbsp;patrons are an important way to cover the costs, time and energy I put into the videos and blog posts I create. You can read more about my&nbsp;<a href=\"https:\/\/www.patreon.com\/josefinwaltinspinner\/overview\">Patreon page<\/a>&nbsp;here.<\/li>\n\n\n\n<li>Follow me on&nbsp;<a href=\"https:\/\/www.instagram.com\/josefinwaltin\/\"><strong>Instagram<\/strong>.<\/a>&nbsp; I announce new blog posts, share images from behind the scenes and post lots of woolliness.<\/li>\n\n\n\n<li>Read the book&nbsp;<strong><a href=\"https:\/\/waltin.se\/josefinwaltinspinner\/knit-spin-sweden\/\">Knit (spin) Sweden!<\/a>&nbsp;<\/strong>by Sara Wolf. I am a co-author and write in the fleece section about how I spin yarn from Swedish sheep breeds.<\/li>\n\n\n\n<li><strong>I am writing a book! <\/strong>In the later half of 2025 <em>Listen to the wool: A why-to guide for mindful spinning will<\/em> be available. Read more about the book <a href=\"https:\/\/waltin.se\/josefinwaltinspinner\/a-book-deal\/\">here<\/a>.<\/li>\n\n\n\n<li>In all the social media I offer, you are more than welcome to contact me. Interacting with you helps me make better content.&nbsp;<em>My private Facebook page, however, will remain private<\/em>.<\/li>\n\n\n\n<li>I support&nbsp;<strong><a href=\"https:\/\/www.textilescusco.org\">Centro de textiles tradicionales del Cusco<\/a><\/strong>, a group of talented textile artists in Cusco, Peru who dedicate their work to the empowerment of weavers through the revitalization and sustainable practice of Peruvian ancestral textiles in the Cusco region. Please consider supporting their work by&nbsp;<a href=\"https:\/\/www.textilescusco.org\/index.php\/donate\/\">donating to their causes<\/a>.<\/li>\n<\/ul>\n","protected":false},"excerpt":{"rendered":"<p>During the past year Dan and I have visited sheep owners to take photos of Swedish sheep breeds for my book, Listen to the Wool. Today I invite you into the forest for a photo shoot of a forest breed, \u00c5sen sheep. Dan and I go to see Milis and her 24 \u00c5sen sheep. The &hellip; <\/p>\n<p class=\"link-more\"><a href=\"https:\/\/waltin.se\/josefinwaltinspinner\/into-the-forest\/\" class=\"more-link\">Continue reading<span class=\"screen-reader-text\"> &#8220;Into the forest&#8221;<\/span><\/a><\/p>\n","protected":false},"author":2,"featured_media":11093,"comment_status":"open","ping_status":"open","sticky":false,"template":"","format":"standard","meta":{"jetpack_post_was_ever_published":false,"_jetpack_newsletter_access":"","_jetpack_dont_email_post_to_subs":false,"_jetpack_newsletter_tier_id":0,"_jetpack_memberships_contains_paywalled_content":false,"_jetpack_memberships_contains_paid_content":false,"footnotes":"","jetpack_publicize_message":"","jetpack_publicize_feature_enabled":true,"jetpack_social_post_already_shared":true,"jetpack_social_options":{"image_generator_settings":{"template":"highway","default_image_id":0,"font":"","enabled":false},"version":2}},"categories":[40],"tags":[99,19,12],"class_list":["post-11087","post","type-post","status-publish","format-standard","has-post-thumbnail","hentry","category-for-the-love-of","tag-fleece","tag-sheep","tag-wool"],"yoast_head":"<!-- This site is optimized with the Yoast SEO plugin v24.9 - https:\/\/yoast.com\/wordpress\/plugins\/seo\/ -->\n<title>Into the forest - Josefin Waltin spinner<\/title>\n<meta name=\"description\" content=\"Come with me into the forest, we are looking for a flock of \u00c5sen sheep. Twelve bundles of wool in all shades of grey are there to greet us.\" \/>\n<meta name=\"robots\" content=\"index, follow, max-snippet:-1, max-image-preview:large, max-video-preview:-1\" \/>\n<link rel=\"canonical\" href=\"https:\/\/waltin.se\/josefinwaltinspinner\/into-the-forest\/\" \/>\n<meta property=\"og:locale\" content=\"en_US\" \/>\n<meta property=\"og:type\" content=\"article\" \/>\n<meta property=\"og:title\" content=\"Into the forest - Josefin Waltin spinner\" \/>\n<meta property=\"og:description\" content=\"Come with me into the forest, we are looking for a flock of \u00c5sen sheep. Twelve bundles of wool in all shades of grey are there to greet us.\" \/>\n<meta property=\"og:url\" content=\"https:\/\/waltin.se\/josefinwaltinspinner\/into-the-forest\/\" \/>\n<meta property=\"og:site_name\" content=\"Josefin Waltin spinner\" \/>\n<meta property=\"article:published_time\" content=\"2024-07-20T04:52:00+00:00\" \/>\n<meta property=\"og:image\" content=\"https:\/\/i0.wp.com\/waltin.se\/josefinwaltinspinner\/wp-content\/uploads\/2024\/07\/IMG_2477-scaled.jpeg?fit=2560%2C2025&ssl=1\" \/>\n\t<meta property=\"og:image:width\" content=\"2560\" \/>\n\t<meta property=\"og:image:height\" content=\"2025\" \/>\n\t<meta property=\"og:image:type\" content=\"image\/jpeg\" \/>\n<meta name=\"author\" content=\"Josefin Waltin\" \/>\n<meta name=\"twitter:card\" content=\"summary_large_image\" \/>\n<meta name=\"twitter:label1\" content=\"Written by\" \/>\n\t<meta name=\"twitter:data1\" content=\"Josefin Waltin\" \/>\n\t<meta name=\"twitter:label2\" content=\"Est. reading time\" \/>\n\t<meta name=\"twitter:data2\" content=\"5 minutes\" \/>\n<script type=\"application\/ld+json\" class=\"yoast-schema-graph\">{\"@context\":\"https:\/\/schema.org\",\"@graph\":[{\"@type\":\"Article\",\"@id\":\"https:\/\/waltin.se\/josefinwaltinspinner\/into-the-forest\/#article\",\"isPartOf\":{\"@id\":\"https:\/\/waltin.se\/josefinwaltinspinner\/into-the-forest\/\"},\"author\":{\"name\":\"Josefin Waltin\",\"@id\":\"https:\/\/waltin.se\/josefinwaltinspinner\/#\/schema\/person\/c667208769ee1556d02310bb1722c36f\"},\"headline\":\"Into the forest\",\"datePublished\":\"2024-07-20T04:52:00+00:00\",\"mainEntityOfPage\":{\"@id\":\"https:\/\/waltin.se\/josefinwaltinspinner\/into-the-forest\/\"},\"wordCount\":988,\"commentCount\":5,\"publisher\":{\"@id\":\"https:\/\/waltin.se\/josefinwaltinspinner\/#\/schema\/person\/c667208769ee1556d02310bb1722c36f\"},\"image\":{\"@id\":\"https:\/\/waltin.se\/josefinwaltinspinner\/into-the-forest\/#primaryimage\"},\"thumbnailUrl\":\"https:\/\/i0.wp.com\/waltin.se\/josefinwaltinspinner\/wp-content\/uploads\/2024\/07\/IMG_2477-scaled.jpeg?fit=2560%2C2025&ssl=1\",\"keywords\":[\"fleece\",\"sheep\",\"wool\"],\"articleSection\":[\"For the love of\"],\"inLanguage\":\"en-US\",\"potentialAction\":[{\"@type\":\"CommentAction\",\"name\":\"Comment\",\"target\":[\"https:\/\/waltin.se\/josefinwaltinspinner\/into-the-forest\/#respond\"]}]},{\"@type\":\"WebPage\",\"@id\":\"https:\/\/waltin.se\/josefinwaltinspinner\/into-the-forest\/\",\"url\":\"https:\/\/waltin.se\/josefinwaltinspinner\/into-the-forest\/\",\"name\":\"Into the forest - Josefin Waltin spinner\",\"isPartOf\":{\"@id\":\"https:\/\/waltin.se\/josefinwaltinspinner\/#website\"},\"primaryImageOfPage\":{\"@id\":\"https:\/\/waltin.se\/josefinwaltinspinner\/into-the-forest\/#primaryimage\"},\"image\":{\"@id\":\"https:\/\/waltin.se\/josefinwaltinspinner\/into-the-forest\/#primaryimage\"},\"thumbnailUrl\":\"https:\/\/i0.wp.com\/waltin.se\/josefinwaltinspinner\/wp-content\/uploads\/2024\/07\/IMG_2477-scaled.jpeg?fit=2560%2C2025&ssl=1\",\"datePublished\":\"2024-07-20T04:52:00+00:00\",\"description\":\"Come with me into the forest, we are looking for a flock of \u00c5sen sheep. Twelve bundles of wool in all shades of grey are there to greet us.\",\"breadcrumb\":{\"@id\":\"https:\/\/waltin.se\/josefinwaltinspinner\/into-the-forest\/#breadcrumb\"},\"inLanguage\":\"en-US\",\"potentialAction\":[{\"@type\":\"ReadAction\",\"target\":[\"https:\/\/waltin.se\/josefinwaltinspinner\/into-the-forest\/\"]}]},{\"@type\":\"ImageObject\",\"inLanguage\":\"en-US\",\"@id\":\"https:\/\/waltin.se\/josefinwaltinspinner\/into-the-forest\/#primaryimage\",\"url\":\"https:\/\/i0.wp.com\/waltin.se\/josefinwaltinspinner\/wp-content\/uploads\/2024\/07\/IMG_2477-scaled.jpeg?fit=2560%2C2025&ssl=1\",\"contentUrl\":\"https:\/\/i0.wp.com\/waltin.se\/josefinwaltinspinner\/wp-content\/uploads\/2024\/07\/IMG_2477-scaled.jpeg?fit=2560%2C2025&ssl=1\",\"width\":2560,\"height\":2025,\"caption\":\"\u00c5sen sheep in the forest.\"},{\"@type\":\"BreadcrumbList\",\"@id\":\"https:\/\/waltin.se\/josefinwaltinspinner\/into-the-forest\/#breadcrumb\",\"itemListElement\":[{\"@type\":\"ListItem\",\"position\":1,\"name\":\"Home\",\"item\":\"https:\/\/waltin.se\/josefinwaltinspinner\/\"},{\"@type\":\"ListItem\",\"position\":2,\"name\":\"Into the forest\"}]},{\"@type\":\"WebSite\",\"@id\":\"https:\/\/waltin.se\/josefinwaltinspinner\/#website\",\"url\":\"https:\/\/waltin.se\/josefinwaltinspinner\/\",\"name\":\"Josefin Waltin spinner\",\"description\":\"For the love of spinning\",\"publisher\":{\"@id\":\"https:\/\/waltin.se\/josefinwaltinspinner\/#\/schema\/person\/c667208769ee1556d02310bb1722c36f\"},\"potentialAction\":[{\"@type\":\"SearchAction\",\"target\":{\"@type\":\"EntryPoint\",\"urlTemplate\":\"https:\/\/waltin.se\/josefinwaltinspinner\/?s={search_term_string}\"},\"query-input\":{\"@type\":\"PropertyValueSpecification\",\"valueRequired\":true,\"valueName\":\"search_term_string\"}}],\"inLanguage\":\"en-US\"},{\"@type\":[\"Person\",\"Organization\"],\"@id\":\"https:\/\/waltin.se\/josefinwaltinspinner\/#\/schema\/person\/c667208769ee1556d02310bb1722c36f\",\"name\":\"Josefin Waltin\",\"image\":{\"@type\":\"ImageObject\",\"inLanguage\":\"en-US\",\"@id\":\"https:\/\/waltin.se\/josefinwaltinspinner\/#\/schema\/person\/image\/\",\"url\":\"https:\/\/i1.wp.com\/waltin.se\/josefinwaltinspinner\/wp-content\/uploads\/2020\/04\/Film_project_profile-1.jpg?fit=343%2C374&ssl=1\",\"contentUrl\":\"https:\/\/i1.wp.com\/waltin.se\/josefinwaltinspinner\/wp-content\/uploads\/2020\/04\/Film_project_profile-1.jpg?fit=343%2C374&ssl=1\",\"width\":343,\"height\":374,\"caption\":\"Josefin Waltin\"},\"logo\":{\"@id\":\"https:\/\/waltin.se\/josefinwaltinspinner\/#\/schema\/person\/image\/\"},\"sameAs\":[\"https:\/\/waltin.se\/josefinwaltinspinner\"]}]}<\/script>\n<!-- \/ Yoast SEO plugin. -->","yoast_head_json":{"title":"Into the forest - Josefin Waltin spinner","description":"Come with me into the forest, we are looking for a flock of \u00c5sen sheep. Twelve bundles of wool in all shades of grey are there to greet us.","robots":{"index":"index","follow":"follow","max-snippet":"max-snippet:-1","max-image-preview":"max-image-preview:large","max-video-preview":"max-video-preview:-1"},"canonical":"https:\/\/waltin.se\/josefinwaltinspinner\/into-the-forest\/","og_locale":"en_US","og_type":"article","og_title":"Into the forest - Josefin Waltin spinner","og_description":"Come with me into the forest, we are looking for a flock of \u00c5sen sheep. Twelve bundles of wool in all shades of grey are there to greet us.","og_url":"https:\/\/waltin.se\/josefinwaltinspinner\/into-the-forest\/","og_site_name":"Josefin Waltin spinner","article_published_time":"2024-07-20T04:52:00+00:00","og_image":[{"width":2560,"height":2025,"url":"https:\/\/i0.wp.com\/waltin.se\/josefinwaltinspinner\/wp-content\/uploads\/2024\/07\/IMG_2477-scaled.jpeg?fit=2560%2C2025&ssl=1","type":"image\/jpeg"}],"author":"Josefin Waltin","twitter_card":"summary_large_image","twitter_misc":{"Written by":"Josefin Waltin","Est. reading time":"5 minutes"},"schema":{"@context":"https:\/\/schema.org","@graph":[{"@type":"Article","@id":"https:\/\/waltin.se\/josefinwaltinspinner\/into-the-forest\/#article","isPartOf":{"@id":"https:\/\/waltin.se\/josefinwaltinspinner\/into-the-forest\/"},"author":{"name":"Josefin Waltin","@id":"https:\/\/waltin.se\/josefinwaltinspinner\/#\/schema\/person\/c667208769ee1556d02310bb1722c36f"},"headline":"Into the forest","datePublished":"2024-07-20T04:52:00+00:00","mainEntityOfPage":{"@id":"https:\/\/waltin.se\/josefinwaltinspinner\/into-the-forest\/"},"wordCount":988,"commentCount":5,"publisher":{"@id":"https:\/\/waltin.se\/josefinwaltinspinner\/#\/schema\/person\/c667208769ee1556d02310bb1722c36f"},"image":{"@id":"https:\/\/waltin.se\/josefinwaltinspinner\/into-the-forest\/#primaryimage"},"thumbnailUrl":"https:\/\/i0.wp.com\/waltin.se\/josefinwaltinspinner\/wp-content\/uploads\/2024\/07\/IMG_2477-scaled.jpeg?fit=2560%2C2025&ssl=1","keywords":["fleece","sheep","wool"],"articleSection":["For the love of"],"inLanguage":"en-US","potentialAction":[{"@type":"CommentAction","name":"Comment","target":["https:\/\/waltin.se\/josefinwaltinspinner\/into-the-forest\/#respond"]}]},{"@type":"WebPage","@id":"https:\/\/waltin.se\/josefinwaltinspinner\/into-the-forest\/","url":"https:\/\/waltin.se\/josefinwaltinspinner\/into-the-forest\/","name":"Into the forest - Josefin Waltin spinner","isPartOf":{"@id":"https:\/\/waltin.se\/josefinwaltinspinner\/#website"},"primaryImageOfPage":{"@id":"https:\/\/waltin.se\/josefinwaltinspinner\/into-the-forest\/#primaryimage"},"image":{"@id":"https:\/\/waltin.se\/josefinwaltinspinner\/into-the-forest\/#primaryimage"},"thumbnailUrl":"https:\/\/i0.wp.com\/waltin.se\/josefinwaltinspinner\/wp-content\/uploads\/2024\/07\/IMG_2477-scaled.jpeg?fit=2560%2C2025&ssl=1","datePublished":"2024-07-20T04:52:00+00:00","description":"Come with me into the forest, we are looking for a flock of \u00c5sen sheep. Twelve bundles of wool in all shades of grey are there to greet us.","breadcrumb":{"@id":"https:\/\/waltin.se\/josefinwaltinspinner\/into-the-forest\/#breadcrumb"},"inLanguage":"en-US","potentialAction":[{"@type":"ReadAction","target":["https:\/\/waltin.se\/josefinwaltinspinner\/into-the-forest\/"]}]},{"@type":"ImageObject","inLanguage":"en-US","@id":"https:\/\/waltin.se\/josefinwaltinspinner\/into-the-forest\/#primaryimage","url":"https:\/\/i0.wp.com\/waltin.se\/josefinwaltinspinner\/wp-content\/uploads\/2024\/07\/IMG_2477-scaled.jpeg?fit=2560%2C2025&ssl=1","contentUrl":"https:\/\/i0.wp.com\/waltin.se\/josefinwaltinspinner\/wp-content\/uploads\/2024\/07\/IMG_2477-scaled.jpeg?fit=2560%2C2025&ssl=1","width":2560,"height":2025,"caption":"\u00c5sen sheep in the forest."},{"@type":"BreadcrumbList","@id":"https:\/\/waltin.se\/josefinwaltinspinner\/into-the-forest\/#breadcrumb","itemListElement":[{"@type":"ListItem","position":1,"name":"Home","item":"https:\/\/waltin.se\/josefinwaltinspinner\/"},{"@type":"ListItem","position":2,"name":"Into the forest"}]},{"@type":"WebSite","@id":"https:\/\/waltin.se\/josefinwaltinspinner\/#website","url":"https:\/\/waltin.se\/josefinwaltinspinner\/","name":"Josefin Waltin spinner","description":"For the love of spinning","publisher":{"@id":"https:\/\/waltin.se\/josefinwaltinspinner\/#\/schema\/person\/c667208769ee1556d02310bb1722c36f"},"potentialAction":[{"@type":"SearchAction","target":{"@type":"EntryPoint","urlTemplate":"https:\/\/waltin.se\/josefinwaltinspinner\/?s={search_term_string}"},"query-input":{"@type":"PropertyValueSpecification","valueRequired":true,"valueName":"search_term_string"}}],"inLanguage":"en-US"},{"@type":["Person","Organization"],"@id":"https:\/\/waltin.se\/josefinwaltinspinner\/#\/schema\/person\/c667208769ee1556d02310bb1722c36f","name":"Josefin Waltin","image":{"@type":"ImageObject","inLanguage":"en-US","@id":"https:\/\/waltin.se\/josefinwaltinspinner\/#\/schema\/person\/image\/","url":"https:\/\/i1.wp.com\/waltin.se\/josefinwaltinspinner\/wp-content\/uploads\/2020\/04\/Film_project_profile-1.jpg?fit=343%2C374&ssl=1","contentUrl":"https:\/\/i1.wp.com\/waltin.se\/josefinwaltinspinner\/wp-content\/uploads\/2020\/04\/Film_project_profile-1.jpg?fit=343%2C374&ssl=1","width":343,"height":374,"caption":"Josefin Waltin"},"logo":{"@id":"https:\/\/waltin.se\/josefinwaltinspinner\/#\/schema\/person\/image\/"},"sameAs":["https:\/\/waltin.se\/josefinwaltinspinner"]}]}},"jetpack_publicize_connections":[],"jetpack_featured_media_url":"https:\/\/i0.wp.com\/waltin.se\/josefinwaltinspinner\/wp-content\/uploads\/2024\/07\/IMG_2477-scaled.jpeg?fit=2560%2C2025&ssl=1","jetpack_sharing_enabled":true,"jetpack_shortlink":"https:\/\/wp.me\/p8HrgO-2SP","jetpack-related-posts":[{"id":6377,"url":"https:\/\/waltin.se\/josefinwaltinspinner\/asen-wool\/","url_meta":{"origin":11087,"position":0},"title":"\u00c5sen wool","author":"Josefin Waltin","date":"May 22, 2021","format":false,"excerpt":"\u00c5sen sheep is one of the ten Swedish conservation breeds. Today's blog post and an upcoming breed study webinar are all about \u00c5sen wool. This is my ninth breed study. Previous breed studies have been about Gotland wool, Gute wool, Dalap\u00e4ls wool, V\u00e4rmland wool, J\u00e4mtland wool, finull wool, rya wool\u2026","rel":"","context":"In &quot;Fiber preparation&quot;","block_context":{"text":"Fiber preparation","link":"https:\/\/waltin.se\/josefinwaltinspinner\/category\/fiber-preparation\/"},"img":{"alt_text":"","src":"https:\/\/i0.wp.com\/waltin.se\/josefinwaltinspinner\/wp-content\/uploads\/2021\/05\/IMG_9981-scaled.jpeg?fit=1200%2C1160&ssl=1&resize=350%2C200","width":350,"height":200,"srcset":"https:\/\/i0.wp.com\/waltin.se\/josefinwaltinspinner\/wp-content\/uploads\/2021\/05\/IMG_9981-scaled.jpeg?fit=1200%2C1160&ssl=1&resize=350%2C200 1x, https:\/\/i0.wp.com\/waltin.se\/josefinwaltinspinner\/wp-content\/uploads\/2021\/05\/IMG_9981-scaled.jpeg?fit=1200%2C1160&ssl=1&resize=525%2C300 1.5x, https:\/\/i0.wp.com\/waltin.se\/josefinwaltinspinner\/wp-content\/uploads\/2021\/05\/IMG_9981-scaled.jpeg?fit=1200%2C1160&ssl=1&resize=700%2C400 2x, https:\/\/i0.wp.com\/waltin.se\/josefinwaltinspinner\/wp-content\/uploads\/2021\/05\/IMG_9981-scaled.jpeg?fit=1200%2C1160&ssl=1&resize=1050%2C600 3x"},"classes":[]},{"id":5881,"url":"https:\/\/waltin.se\/josefinwaltinspinner\/wool-type\/","url_meta":{"origin":11087,"position":1},"title":"Wool type","author":"Josefin Waltin","date":"January 16, 2021","format":false,"excerpt":"There are many ways to describe and categorize wool. Many countries have their own way of describing wool, probably in a way that is suitable for the sheep breeds that are most common in that particular country. The traditional way to describe wool in Sweden is by wool type. Wool\u2026","rel":"","context":"In &quot;Fiber preparation&quot;","block_context":{"text":"Fiber preparation","link":"https:\/\/waltin.se\/josefinwaltinspinner\/category\/fiber-preparation\/"},"img":{"alt_text":"P\u00e4lsull, rya, vadmal and finull type wool frame one V\u00e4rmland fleece.","src":"https:\/\/i0.wp.com\/waltin.se\/josefinwaltinspinner\/wp-content\/uploads\/2021\/01\/IMG_7159-scaled.jpeg?fit=1200%2C900&ssl=1&resize=350%2C200","width":350,"height":200,"srcset":"https:\/\/i0.wp.com\/waltin.se\/josefinwaltinspinner\/wp-content\/uploads\/2021\/01\/IMG_7159-scaled.jpeg?fit=1200%2C900&ssl=1&resize=350%2C200 1x, https:\/\/i0.wp.com\/waltin.se\/josefinwaltinspinner\/wp-content\/uploads\/2021\/01\/IMG_7159-scaled.jpeg?fit=1200%2C900&ssl=1&resize=525%2C300 1.5x, https:\/\/i0.wp.com\/waltin.se\/josefinwaltinspinner\/wp-content\/uploads\/2021\/01\/IMG_7159-scaled.jpeg?fit=1200%2C900&ssl=1&resize=700%2C400 2x, https:\/\/i0.wp.com\/waltin.se\/josefinwaltinspinner\/wp-content\/uploads\/2021\/01\/IMG_7159-scaled.jpeg?fit=1200%2C900&ssl=1&resize=1050%2C600 3x"},"classes":[]},{"id":5515,"url":"https:\/\/waltin.se\/josefinwaltinspinner\/finding-a-fleece\/","url_meta":{"origin":11087,"position":2},"title":"Finding a fleece","author":"Josefin Waltin","date":"November 14, 2020","format":false,"excerpt":"Many spinners ask me where I find the fleeces I work with. I live just outside the Stockholm city center and there aren't many flocks around here. Today I will share with you how I found my first fleeces and give you a few tips of what you can do\u2026","rel":"","context":"In &quot;Fiber preparation&quot;","block_context":{"text":"Fiber preparation","link":"https:\/\/waltin.se\/josefinwaltinspinner\/category\/fiber-preparation\/"},"img":{"alt_text":"A white fleece with fine, crimpy staples.","src":"https:\/\/i0.wp.com\/waltin.se\/josefinwaltinspinner\/wp-content\/uploads\/2020\/11\/IMG_6329-scaled.jpeg?fit=900%2C1200&ssl=1&resize=350%2C200","width":350,"height":200,"srcset":"https:\/\/i0.wp.com\/waltin.se\/josefinwaltinspinner\/wp-content\/uploads\/2020\/11\/IMG_6329-scaled.jpeg?fit=900%2C1200&ssl=1&resize=350%2C200 1x, https:\/\/i0.wp.com\/waltin.se\/josefinwaltinspinner\/wp-content\/uploads\/2020\/11\/IMG_6329-scaled.jpeg?fit=900%2C1200&ssl=1&resize=525%2C300 1.5x, https:\/\/i0.wp.com\/waltin.se\/josefinwaltinspinner\/wp-content\/uploads\/2020\/11\/IMG_6329-scaled.jpeg?fit=900%2C1200&ssl=1&resize=700%2C400 2x"},"classes":[]},{"id":6879,"url":"https:\/\/waltin.se\/josefinwaltinspinner\/gestrike-wool\/","url_meta":{"origin":11087,"position":3},"title":"Gestrike wool","author":"Josefin Waltin","date":"October 16, 2021","format":false,"excerpt":"One of the ten Swedish conservation sheep breeds is Gestrike sheep. Today's blog post and an upcoming breed study webinar are all about Gestrike wool. This is my tenth breed study. Previous breed studies have been about Gotland wool, Gute wool, Dalap\u00e4ls wool, V\u00e4rmland wool, J\u00e4mtland wool, finull wool, rya\u2026","rel":"","context":"In &quot;Fiber preparation&quot;","block_context":{"text":"Fiber preparation","link":"https:\/\/waltin.se\/josefinwaltinspinner\/category\/fiber-preparation\/"},"img":{"alt_text":"","src":"https:\/\/i0.wp.com\/waltin.se\/josefinwaltinspinner\/wp-content\/uploads\/2021\/10\/IMG_3376-scaled.jpeg?fit=1200%2C1052&ssl=1&resize=350%2C200","width":350,"height":200,"srcset":"https:\/\/i0.wp.com\/waltin.se\/josefinwaltinspinner\/wp-content\/uploads\/2021\/10\/IMG_3376-scaled.jpeg?fit=1200%2C1052&ssl=1&resize=350%2C200 1x, https:\/\/i0.wp.com\/waltin.se\/josefinwaltinspinner\/wp-content\/uploads\/2021\/10\/IMG_3376-scaled.jpeg?fit=1200%2C1052&ssl=1&resize=525%2C300 1.5x, https:\/\/i0.wp.com\/waltin.se\/josefinwaltinspinner\/wp-content\/uploads\/2021\/10\/IMG_3376-scaled.jpeg?fit=1200%2C1052&ssl=1&resize=700%2C400 2x, https:\/\/i0.wp.com\/waltin.se\/josefinwaltinspinner\/wp-content\/uploads\/2021\/10\/IMG_3376-scaled.jpeg?fit=1200%2C1052&ssl=1&resize=1050%2C600 3x"},"classes":[]},{"id":4694,"url":"https:\/\/waltin.se\/josefinwaltinspinner\/finull-wool\/","url_meta":{"origin":11087,"position":4},"title":"Finull wool","author":"Josefin Waltin","date":"May 30, 2020","format":false,"excerpt":"The first wool I ever dug my hands into was the fleece of Pia-Lotta the finull sheep (Swedish finewool). Finull wool is my home wool, the wool I feel I know the the best. Finull sheep is one of only three wool breeds in Sweden \u2013 breeds where wool is\u2026","rel":"","context":"In &quot;Fiber preparation&quot;","block_context":{"text":"Fiber preparation","link":"https:\/\/waltin.se\/josefinwaltinspinner\/category\/fiber-preparation\/"},"img":{"alt_text":"Two-end knitted mittens from finull yarn. Photo by Dan Waltin","src":"https:\/\/i0.wp.com\/waltin.se\/josefinwaltinspinner\/wp-content\/uploads\/2020\/05\/IMG_2909-edited-scaled.jpg?fit=1200%2C800&ssl=1&resize=350%2C200","width":350,"height":200,"srcset":"https:\/\/i0.wp.com\/waltin.se\/josefinwaltinspinner\/wp-content\/uploads\/2020\/05\/IMG_2909-edited-scaled.jpg?fit=1200%2C800&ssl=1&resize=350%2C200 1x, https:\/\/i0.wp.com\/waltin.se\/josefinwaltinspinner\/wp-content\/uploads\/2020\/05\/IMG_2909-edited-scaled.jpg?fit=1200%2C800&ssl=1&resize=525%2C300 1.5x, https:\/\/i0.wp.com\/waltin.se\/josefinwaltinspinner\/wp-content\/uploads\/2020\/05\/IMG_2909-edited-scaled.jpg?fit=1200%2C800&ssl=1&resize=700%2C400 2x, https:\/\/i0.wp.com\/waltin.se\/josefinwaltinspinner\/wp-content\/uploads\/2020\/05\/IMG_2909-edited-scaled.jpg?fit=1200%2C800&ssl=1&resize=1050%2C600 3x"},"classes":[]},{"id":3790,"url":"https:\/\/waltin.se\/josefinwaltinspinner\/varmland-wool\/","url_meta":{"origin":11087,"position":5},"title":"V\u00e4rmland wool","author":"Josefin Waltin","date":"December 7, 2019","format":false,"excerpt":"One of my favourite breeds to spin is V\u00e4rmland wool \u2013 a versatile and lightweight wool in many colours. This is the fourth part of my breed study of Swedish sheep breeds from the spinner's perspective. Previous posts have been about Gotland wool, Gute wool and Dalap\u00e4ls wool. Next Saturday,\u2026","rel":"","context":"In &quot;Fiber preparation&quot;","block_context":{"text":"Fiber preparation","link":"https:\/\/waltin.se\/josefinwaltinspinner\/category\/fiber-preparation\/"},"img":{"alt_text":"Staples of wool","src":"https:\/\/i0.wp.com\/waltin.se\/josefinwaltinspinner\/wp-content\/uploads\/2019\/12\/IMG_0198-scaled.jpg?fit=900%2C1200&ssl=1&resize=350%2C200","width":350,"height":200,"srcset":"https:\/\/i0.wp.com\/waltin.se\/josefinwaltinspinner\/wp-content\/uploads\/2019\/12\/IMG_0198-scaled.jpg?fit=900%2C1200&ssl=1&resize=350%2C200 1x, https:\/\/i0.wp.com\/waltin.se\/josefinwaltinspinner\/wp-content\/uploads\/2019\/12\/IMG_0198-scaled.jpg?fit=900%2C1200&ssl=1&resize=525%2C300 1.5x, https:\/\/i0.wp.com\/waltin.se\/josefinwaltinspinner\/wp-content\/uploads\/2019\/12\/IMG_0198-scaled.jpg?fit=900%2C1200&ssl=1&resize=700%2C400 2x"},"classes":[]}],"_links":{"self":[{"href":"https:\/\/waltin.se\/josefinwaltinspinner\/wp-json\/wp\/v2\/posts\/11087","targetHints":{"allow":["GET"]}}],"collection":[{"href":"https:\/\/waltin.se\/josefinwaltinspinner\/wp-json\/wp\/v2\/posts"}],"about":[{"href":"https:\/\/waltin.se\/josefinwaltinspinner\/wp-json\/wp\/v2\/types\/post"}],"author":[{"embeddable":true,"href":"https:\/\/waltin.se\/josefinwaltinspinner\/wp-json\/wp\/v2\/users\/2"}],"replies":[{"embeddable":true,"href":"https:\/\/waltin.se\/josefinwaltinspinner\/wp-json\/wp\/v2\/comments?post=11087"}],"version-history":[{"count":8,"href":"https:\/\/waltin.se\/josefinwaltinspinner\/wp-json\/wp\/v2\/posts\/11087\/revisions"}],"predecessor-version":[{"id":11101,"href":"https:\/\/waltin.se\/josefinwaltinspinner\/wp-json\/wp\/v2\/posts\/11087\/revisions\/11101"}],"wp:featuredmedia":[{"embeddable":true,"href":"https:\/\/waltin.se\/josefinwaltinspinner\/wp-json\/wp\/v2\/media\/11093"}],"wp:attachment":[{"href":"https:\/\/waltin.se\/josefinwaltinspinner\/wp-json\/wp\/v2\/media?parent=11087"}],"wp:term":[{"taxonomy":"category","embeddable":true,"href":"https:\/\/waltin.se\/josefinwaltinspinner\/wp-json\/wp\/v2\/categories?post=11087"},{"taxonomy":"post_tag","embeddable":true,"href":"https:\/\/waltin.se\/josefinwaltinspinner\/wp-json\/wp\/v2\/tags?post=11087"}],"curies":[{"name":"wp","href":"https:\/\/api.w.org\/{rel}","templated":true}]}}