{"id":4349,"date":"2020-03-07T07:45:05","date_gmt":"2020-03-07T06:45:05","guid":{"rendered":"https:\/\/waltin.se\/josefinwaltinspinner\/?p=4349"},"modified":"2020-03-07T16:00:46","modified_gmt":"2020-03-07T15:00:46","slug":"sheep-festival","status":"publish","type":"post","link":"https:\/\/waltin.se\/josefinwaltinspinner\/sheep-festival\/","title":{"rendered":"Sheep festival"},"content":{"rendered":"\n<p>This past weekend I attended the <a href=\"http:\/\/farfestikil.com\">sheep festival in Kil<\/a> in V\u00e4rmland, Sweden. It is an annual event that attracts thousands of visitors. This was the 14th festival. The aim of the festival is to spread knowledge, inspire and facilitate networking with the four legs of the sheep as a foundation \u2013 wool, skin, meat and the sheep as a landscape manager.<\/p>\n\n\n\n<h2 class=\"wp-block-heading\">The sheep organization<\/h2>\n\n\n\n<p>The first festival was held in the local industry building in Kil in 2006, but after a few years it had to move to a larger venue. It has since then been held at a local school when the children had their annual sports holiday in the end of February. The festival has grown from just a few hundred visitors the first year to somewhere around 10000 from all over Sweden in 2020. The town of Kil has 12000 inhabitants.<\/p>\n\n\n\n<p>Everyone in Kil is involved in the festival and the preparations run through the whole year. The most significant symbol of the festival is the &#8220;tussris&#8221; \u2013 a bundle of twigs with wads of coloured wool. Every sports team in town is assembling wad twig bundles to decorate the town and the festival. The Red Cross is in charge of the wardrobe, other organizations are handling the entry fee, other volunteers are helping out as hostesses, serving coffee, cooking, serving, building, promoting, housing and literally breathing the festival. In addition to all the volunteers, several families opened their homes to traveling visitors. I stayed with a lovely family who moved out of their bedrooms to accommodate me and three other festival visitors for three nights.<\/p>\n\n\n\n<p><a href=\"https:\/\/www.svt.se\/nyheter\/lokalt\/varmland\/fjortonde-farfesten-lockar-tusentals-besokare?fbclid=IwAR2gy8Hhis6La3WHfUPG5wn_AUuNi-f426OSeoWX2YWDs7NscsEh7_cPe1o\">Here<\/a> is a short clip from the Swedish news from the sheep festival. You can see me and my embroidered backpack around 13 seconds into the clip.<\/p>\n\n\n\n<h3 class=\"wp-block-heading\">The Golden Ram award<\/h3>\n\n\n\n<p>Every year The Golden Ram is awarded someone who is active in some aspect of the sheep. This year the prize was awarded to Fia S\u00f6derberg who is the founder of the <a href=\"https:\/\/ullformedlingen.se\">Swedish wool agency<\/a> \u2013 a digital marketplace where you can buy and sell Swedish wool. She is also the founder and host of the <a href=\"https:\/\/ullpodden.podbean.com\">Swedish wool podcast<\/a> (in Swedish).<\/p>\n\n\n\n<figure class=\"wp-block-image size-large\"><img data-recalc-dims=\"1\" loading=\"lazy\" decoding=\"async\" width=\"525\" height=\"503\" data-attachment-id=\"4360\" data-permalink=\"https:\/\/waltin.se\/josefinwaltinspinner\/img_0937\/\" data-orig-file=\"https:\/\/i0.wp.com\/waltin.se\/josefinwaltinspinner\/wp-content\/uploads\/2020\/03\/IMG_0937.jpg?fit=751%2C720&amp;ssl=1\" data-orig-size=\"751,720\" data-comments-opened=\"1\" data-image-meta=\"{&quot;aperture&quot;:&quot;0&quot;,&quot;credit&quot;:&quot;&quot;,&quot;camera&quot;:&quot;&quot;,&quot;caption&quot;:&quot;&quot;,&quot;created_timestamp&quot;:&quot;0&quot;,&quot;copyright&quot;:&quot;&quot;,&quot;focal_length&quot;:&quot;0&quot;,&quot;iso&quot;:&quot;0&quot;,&quot;shutter_speed&quot;:&quot;0&quot;,&quot;title&quot;:&quot;&quot;,&quot;orientation&quot;:&quot;0&quot;}\" data-image-title=\"IMG_0937\" data-image-description=\"\" data-image-caption=\"\" data-large-file=\"https:\/\/i0.wp.com\/waltin.se\/josefinwaltinspinner\/wp-content\/uploads\/2020\/03\/IMG_0937.jpg?fit=525%2C503&amp;ssl=1\" src=\"https:\/\/i0.wp.com\/waltin.se\/josefinwaltinspinner\/wp-content\/uploads\/2020\/03\/IMG_0937.jpg?resize=525%2C503&#038;ssl=1\" alt=\"Two women standing on a stage. They are holding up a certificate and a cheque. A sheep on a screen behind them.\" class=\"wp-image-4360\" srcset=\"https:\/\/i0.wp.com\/waltin.se\/josefinwaltinspinner\/wp-content\/uploads\/2020\/03\/IMG_0937.jpg?w=751&amp;ssl=1 751w, https:\/\/i0.wp.com\/waltin.se\/josefinwaltinspinner\/wp-content\/uploads\/2020\/03\/IMG_0937.jpg?resize=300%2C288&amp;ssl=1 300w\" sizes=\"auto, (max-width: 706px) 89vw, (max-width: 767px) 82vw, 740px\" \/><figcaption>Fia S\u00f6derberg receiving the Golden Ram award and 10000 Swedish Kronor ($1106\/970 \u20ac).<\/figcaption><\/figure>\n\n\n\n<p>While spinning, I listened to Fia&#8217;s acceptance speech about how the Swedish wool agency came about. From a frustration over wasted Swedish wool to a flourishing wool market where crafters and sheep owners meet in the name of wool in just a few years. That is  quite an achievement and the festival organization couldn&#8217;t have picked a more worthy person to receive the award.<\/p>\n\n\n\n<h2 class=\"wp-block-heading\">Activities on the festival<\/h2>\n\n\n\n<p>Around 150 vendors come for the festival, selling yarn, wool, meat, skins, tools for crafting, hand made items and much, much more. Visitors can also take classes, workshops, watch shows and demos and listen to talks about different aspects of sheep and products from sheep.<\/p>\n\n\n\n<figure class=\"wp-block-image size-large\"><img data-recalc-dims=\"1\" loading=\"lazy\" decoding=\"async\" width=\"525\" height=\"293\" data-attachment-id=\"4359\" data-permalink=\"https:\/\/waltin.se\/josefinwaltinspinner\/img_0936\/\" data-orig-file=\"https:\/\/i0.wp.com\/waltin.se\/josefinwaltinspinner\/wp-content\/uploads\/2020\/03\/IMG_0936.jpg?fit=1482%2C827&amp;ssl=1\" data-orig-size=\"1482,827\" data-comments-opened=\"1\" data-image-meta=\"{&quot;aperture&quot;:&quot;0&quot;,&quot;credit&quot;:&quot;&quot;,&quot;camera&quot;:&quot;&quot;,&quot;caption&quot;:&quot;&quot;,&quot;created_timestamp&quot;:&quot;0&quot;,&quot;copyright&quot;:&quot;&quot;,&quot;focal_length&quot;:&quot;0&quot;,&quot;iso&quot;:&quot;0&quot;,&quot;shutter_speed&quot;:&quot;0&quot;,&quot;title&quot;:&quot;&quot;,&quot;orientation&quot;:&quot;0&quot;}\" data-image-title=\"IMG_0936\" data-image-description=\"\" data-image-caption=\"\" data-large-file=\"https:\/\/i0.wp.com\/waltin.se\/josefinwaltinspinner\/wp-content\/uploads\/2020\/03\/IMG_0936.jpg?fit=525%2C293&amp;ssl=1\" src=\"https:\/\/i0.wp.com\/waltin.se\/josefinwaltinspinner\/wp-content\/uploads\/2020\/03\/IMG_0936.jpg?resize=525%2C293&#038;ssl=1\" alt=\"Braids of coloured wool yarn in a scale from green to pink.\" class=\"wp-image-4359\" srcset=\"https:\/\/i0.wp.com\/waltin.se\/josefinwaltinspinner\/wp-content\/uploads\/2020\/03\/IMG_0936.jpg?resize=1024%2C571&amp;ssl=1 1024w, https:\/\/i0.wp.com\/waltin.se\/josefinwaltinspinner\/wp-content\/uploads\/2020\/03\/IMG_0936.jpg?resize=300%2C167&amp;ssl=1 300w, https:\/\/i0.wp.com\/waltin.se\/josefinwaltinspinner\/wp-content\/uploads\/2020\/03\/IMG_0936.jpg?resize=768%2C429&amp;ssl=1 768w, https:\/\/i0.wp.com\/waltin.se\/josefinwaltinspinner\/wp-content\/uploads\/2020\/03\/IMG_0936.jpg?w=1482&amp;ssl=1 1482w\" sizes=\"auto, (max-width: 767px) 89vw, (max-width: 1000px) 54vw, (max-width: 1071px) 543px, 580px\" \/><figcaption>Wool embroidery yarn in every colour.<\/figcaption><\/figure>\n\n\n\n<p>I didn&#8217;t take many photos, but if I had, they still wouldn&#8217;t have made the festival justice. But if you wish, you can imagine pictures of yarn, wool, sheep, skins and textiles here.<\/p>\n\n\n\n<h2 class=\"wp-block-heading\">A knit wizard<\/h2>\n\n\n\n<p>I came to the festival with Sara Wolf, who also goes by the alias <a href=\"https:\/\/aknitwizard.com\">A knit Wizard<\/a>, and her husband. Sara is a writer who is working on a book called <em>Knit (spin) Sweden<\/em> and I assist her with some of the spinning parts. They flew from Boston, landed in Stockholm, rented a car and picked me up on the way. It was lovely to finally meet her. We have had so many conversations about Swedish wool via email and now we could continue that conversation in person. You can read Sara&#8217;s blog post about the sheep festival <a href=\"https:\/\/aknitwizard.com\/2020\/03\/06\/a-sheep-in-wolfs-clothing\/\">here<\/a>.<\/p>\n\n\n\n<p>Sara gave me a present that took my breath away. A Turkish spindle. A real Turkish spindle she bought from an antique dealer when she lived in Turkey. It was made around the end of the 19th century.<\/p>\n\n\n\n<figure class=\"wp-block-image size-large\"><img data-recalc-dims=\"1\" loading=\"lazy\" decoding=\"async\" width=\"525\" height=\"532\" data-attachment-id=\"4357\" data-permalink=\"https:\/\/waltin.se\/josefinwaltinspinner\/img_0934\/\" data-orig-file=\"https:\/\/i0.wp.com\/waltin.se\/josefinwaltinspinner\/wp-content\/uploads\/2020\/03\/IMG_0934-scaled.jpg?fit=2527%2C2560&amp;ssl=1\" data-orig-size=\"2527,2560\" data-comments-opened=\"1\" data-image-meta=\"{&quot;aperture&quot;:&quot;1.8&quot;,&quot;credit&quot;:&quot;&quot;,&quot;camera&quot;:&quot;iPhone XR&quot;,&quot;caption&quot;:&quot;&quot;,&quot;created_timestamp&quot;:&quot;1583422129&quot;,&quot;copyright&quot;:&quot;&quot;,&quot;focal_length&quot;:&quot;4.25&quot;,&quot;iso&quot;:&quot;50&quot;,&quot;shutter_speed&quot;:&quot;0.0082644628099174&quot;,&quot;title&quot;:&quot;&quot;,&quot;orientation&quot;:&quot;0&quot;}\" data-image-title=\"IMG_0934\" data-image-description=\"\" data-image-caption=\"\" data-large-file=\"https:\/\/i0.wp.com\/waltin.se\/josefinwaltinspinner\/wp-content\/uploads\/2020\/03\/IMG_0934-scaled.jpg?fit=525%2C532&amp;ssl=1\" src=\"https:\/\/i0.wp.com\/waltin.se\/josefinwaltinspinner\/wp-content\/uploads\/2020\/03\/IMG_0934.jpg?resize=525%2C532&#038;ssl=1\" alt=\"An antique Turkish spindle with crossing wings. One wing slides into the other through a rectangular hole. The spindle is ornamented with carved patterns.\" class=\"wp-image-4357\" srcset=\"https:\/\/i0.wp.com\/waltin.se\/josefinwaltinspinner\/wp-content\/uploads\/2020\/03\/IMG_0934-scaled.jpg?resize=1011%2C1024&amp;ssl=1 1011w, https:\/\/i0.wp.com\/waltin.se\/josefinwaltinspinner\/wp-content\/uploads\/2020\/03\/IMG_0934-scaled.jpg?resize=296%2C300&amp;ssl=1 296w, https:\/\/i0.wp.com\/waltin.se\/josefinwaltinspinner\/wp-content\/uploads\/2020\/03\/IMG_0934-scaled.jpg?resize=768%2C778&amp;ssl=1 768w, https:\/\/i0.wp.com\/waltin.se\/josefinwaltinspinner\/wp-content\/uploads\/2020\/03\/IMG_0934-scaled.jpg?resize=1516%2C1536&amp;ssl=1 1516w, https:\/\/i0.wp.com\/waltin.se\/josefinwaltinspinner\/wp-content\/uploads\/2020\/03\/IMG_0934-scaled.jpg?resize=2021%2C2048&amp;ssl=1 2021w, https:\/\/i0.wp.com\/waltin.se\/josefinwaltinspinner\/wp-content\/uploads\/2020\/03\/IMG_0934-scaled.jpg?resize=100%2C100&amp;ssl=1 100w, https:\/\/i0.wp.com\/waltin.se\/josefinwaltinspinner\/wp-content\/uploads\/2020\/03\/IMG_0934-scaled.jpg?w=1575&amp;ssl=1 1575w\" sizes=\"auto, (max-width: 767px) 89vw, (max-width: 1000px) 54vw, (max-width: 1071px) 543px, 580px\" \/><figcaption>My new old Turkish spindle is a beauty.<\/figcaption><\/figure>\n\n\n\n<p>When I look at the <a href=\"https:\/\/www.uibk.ac.at\/urgeschichte\/projekte_forschung\/abt\/spindeltypologie\/tuerkei.html.en\">Turkey page in the spindle typology<\/a> it looks very much like the spindles called Kirman \u2013 crossed wings with a short shaft. I need to make myself a shaft for this pearl. It looks just like my modern Jenkins spindles, only a wee bit heavier \u2013 this one weighs 93 grams!<\/p>\n\n\n\n<figure class=\"wp-block-image size-large\"><img data-recalc-dims=\"1\" loading=\"lazy\" decoding=\"async\" width=\"525\" height=\"580\" data-attachment-id=\"4358\" data-permalink=\"https:\/\/waltin.se\/josefinwaltinspinner\/img_0935\/\" data-orig-file=\"https:\/\/i0.wp.com\/waltin.se\/josefinwaltinspinner\/wp-content\/uploads\/2020\/03\/IMG_0935-scaled.jpg?fit=2318%2C2560&amp;ssl=1\" data-orig-size=\"2318,2560\" data-comments-opened=\"1\" data-image-meta=\"{&quot;aperture&quot;:&quot;1.8&quot;,&quot;credit&quot;:&quot;&quot;,&quot;camera&quot;:&quot;iPhone XR&quot;,&quot;caption&quot;:&quot;&quot;,&quot;created_timestamp&quot;:&quot;1583422140&quot;,&quot;copyright&quot;:&quot;&quot;,&quot;focal_length&quot;:&quot;4.25&quot;,&quot;iso&quot;:&quot;50&quot;,&quot;shutter_speed&quot;:&quot;0.0082644628099174&quot;,&quot;title&quot;:&quot;&quot;,&quot;orientation&quot;:&quot;0&quot;}\" data-image-title=\"IMG_0935\" data-image-description=\"\" data-image-caption=\"\" data-large-file=\"https:\/\/i0.wp.com\/waltin.se\/josefinwaltinspinner\/wp-content\/uploads\/2020\/03\/IMG_0935-scaled.jpg?fit=525%2C580&amp;ssl=1\" src=\"https:\/\/i0.wp.com\/waltin.se\/josefinwaltinspinner\/wp-content\/uploads\/2020\/03\/IMG_0935.jpg?resize=525%2C580&#038;ssl=1\" alt=\"An antique Turkish spindle with crossing wings. One wing slides into the other through a rectangular hole. The spindle is ornamented with carved patterns.\" class=\"wp-image-4358\" srcset=\"https:\/\/i0.wp.com\/waltin.se\/josefinwaltinspinner\/wp-content\/uploads\/2020\/03\/IMG_0935-scaled.jpg?resize=927%2C1024&amp;ssl=1 927w, https:\/\/i0.wp.com\/waltin.se\/josefinwaltinspinner\/wp-content\/uploads\/2020\/03\/IMG_0935-scaled.jpg?resize=272%2C300&amp;ssl=1 272w, https:\/\/i0.wp.com\/waltin.se\/josefinwaltinspinner\/wp-content\/uploads\/2020\/03\/IMG_0935-scaled.jpg?resize=768%2C848&amp;ssl=1 768w, https:\/\/i0.wp.com\/waltin.se\/josefinwaltinspinner\/wp-content\/uploads\/2020\/03\/IMG_0935-scaled.jpg?resize=1391%2C1536&amp;ssl=1 1391w, https:\/\/i0.wp.com\/waltin.se\/josefinwaltinspinner\/wp-content\/uploads\/2020\/03\/IMG_0935-scaled.jpg?resize=1855%2C2048&amp;ssl=1 1855w, https:\/\/i0.wp.com\/waltin.se\/josefinwaltinspinner\/wp-content\/uploads\/2020\/03\/IMG_0935-scaled.jpg?w=1050&amp;ssl=1 1050w, https:\/\/i0.wp.com\/waltin.se\/josefinwaltinspinner\/wp-content\/uploads\/2020\/03\/IMG_0935-scaled.jpg?w=1575&amp;ssl=1 1575w\" sizes=\"auto, (max-width: 767px) 89vw, (max-width: 1000px) 54vw, (max-width: 1071px) 543px, 580px\" \/><figcaption>I wonder how many people have spun on this spindle.<\/figcaption><\/figure>\n\n\n\n<p>Sara had a talk at the festival where she discussed her findings and conclusions about the history of knitting in Sweden. She also described how and why she was looking for Swedish wool. It was a very interesting speech and I became even more proud of being a part of her book.<\/p>\n\n\n\n<h2 class=\"wp-block-heading\">People<\/h2>\n\n\n\n<p>Eventhough there is a lot of wool to fondle and a beautiful focus on all the aspects of how sheep are so useful to us and to nature, one of the most rewarding things about these kinds of events is meeting people. Don&#8217;t get me wrong, I am very much an introvert who takes care not to go to fairs and events with lots of people, but meeting and talking to people one on one gives me so much.<\/p>\n\n\n\n<p>The first person I ran into was the shepherdess <a href=\"https:\/\/www.oppinils.com\">Birgitta<\/a>. Her H\u00e4rjedal\/\u00c5sen crossbred gave me the <a href=\"https:\/\/waltin.se\/josefinwaltinspinner\/trial-and-error\/\">multicoloured fleece I am currently working on<\/a>. I had brought a couple of skeins to show her what I had done. After all, I had got Birgitta&#8217;s trust to buy the fleece because I would be able to make the fleece justice in a way that no spinning mill would. She was truly happy to see the skeins and cuddle with them.<\/p>\n\n\n\n<p>I met Kari, another lovely shepherdess who is a crafter herself. She won eight medals in the <a href=\"https:\/\/waltin.se\/josefinwaltinspinner\/swedish-fleece-championships-2019\/\">2019 fleece championships<\/a> for her Rya, Gotland, Finull, Leicester and landrace crossbred fleeces. She pays close attention to the fleece quality when she decides which animals to pair up for breeding and she obviously gets successful results. I always try to connect with shepherdesses whose fleece buy at the championships auction. For me it is important to show them how I continue with spinning what they have started with the care of their sheep. <\/p>\n\n\n\n<p>A person who has been very important to me when learning about wool is Kia. She has worked for many years as a wool classifier in Norway and she is the one I turn to with wool questions. Every now and then I text her with a wool conundrum and she can always give me a good reply and teach me new things. We haven&#8217;t met many times, but we made up for it in Kil as we sat for three hours just talking and having a lovely time in the quiet vendor&#8217;s lounge. I bought a loupe from her and I will write more about that in an upcoming post.<\/p>\n\n\n\n<figure class=\"wp-block-image size-large\"><img loading=\"lazy\" decoding=\"async\" width=\"1479\" height=\"1315\" data-attachment-id=\"4376\" data-permalink=\"https:\/\/waltin.se\/josefinwaltinspinner\/sheep-festival\/img_0819\/\" data-orig-file=\"https:\/\/i0.wp.com\/waltin.se\/josefinwaltinspinner\/wp-content\/uploads\/2020\/03\/IMG_0819.jpeg?fit=1479%2C1315&amp;ssl=1\" data-orig-size=\"1479,1315\" data-comments-opened=\"1\" data-image-meta=\"{&quot;aperture&quot;:&quot;1.8&quot;,&quot;credit&quot;:&quot;&quot;,&quot;camera&quot;:&quot;iPhone XR&quot;,&quot;caption&quot;:&quot;&quot;,&quot;created_timestamp&quot;:&quot;1582985725&quot;,&quot;copyright&quot;:&quot;&quot;,&quot;focal_length&quot;:&quot;4.25&quot;,&quot;iso&quot;:&quot;250&quot;,&quot;shutter_speed&quot;:&quot;0.02&quot;,&quot;title&quot;:&quot;&quot;,&quot;orientation&quot;:&quot;0&quot;}\" data-image-title=\"IMG_0819\" data-image-description=\"\" data-image-caption=\"\" data-large-file=\"https:\/\/i0.wp.com\/waltin.se\/josefinwaltinspinner\/wp-content\/uploads\/2020\/03\/IMG_0819.jpeg?fit=525%2C467&amp;ssl=1\" src=\"https:\/\/i1.wp.com\/waltin.se\/josefinwaltinspinner\/wp-content\/uploads\/2020\/03\/IMG_0819.jpeg?fit=525%2C467&amp;ssl=1\" alt=\"A microscope image of wool fibers\" class=\"wp-image-4376\" srcset=\"https:\/\/i0.wp.com\/waltin.se\/josefinwaltinspinner\/wp-content\/uploads\/2020\/03\/IMG_0819.jpeg?w=1479&amp;ssl=1 1479w, https:\/\/i0.wp.com\/waltin.se\/josefinwaltinspinner\/wp-content\/uploads\/2020\/03\/IMG_0819.jpeg?resize=300%2C267&amp;ssl=1 300w, https:\/\/i0.wp.com\/waltin.se\/josefinwaltinspinner\/wp-content\/uploads\/2020\/03\/IMG_0819.jpeg?resize=1024%2C910&amp;ssl=1 1024w, https:\/\/i0.wp.com\/waltin.se\/josefinwaltinspinner\/wp-content\/uploads\/2020\/03\/IMG_0819.jpeg?resize=768%2C683&amp;ssl=1 768w\" sizes=\"auto, (max-width: 767px) 89vw, (max-width: 1000px) 54vw, (max-width: 1071px) 543px, 580px\" \/><figcaption>Swedish Sv\u00e4rdsj\u00f6 wool under the microscope.<\/figcaption><\/figure>\n\n\n\n<p>I also met lots of other friends of wool. Some who I had met before on other wool events and some who introduced themselves to me and told me how they appreciated my work. Encounters like these always warm my heart. It gives me a feeling of connection and context in this very small world of wool and spinning and lots of inspiration and empowerment to continue my work.<\/p>\n\n\n\n<h2 class=\"wp-block-heading\">Fleece market<\/h2>\n\n\n\n<p>The last day of our visit was the day of the fleece market, and naturally I wanted to grab a good fleece or two. I ended up with four. Fortunately I had brought some vacuum bags for easier transport.<\/p>\n\n\n\n<p>Sara had talked about how she was amazed by Rya wool. I got inspired by that so two half fleeces came home with me, one white and one in grey tones. I bought them from Kari as I knew she would provide really high quality fleeces.<\/p>\n\n\n\n<figure class=\"wp-block-image size-large\"><img data-recalc-dims=\"1\" loading=\"lazy\" decoding=\"async\" width=\"525\" height=\"559\" data-attachment-id=\"4372\" data-permalink=\"https:\/\/waltin.se\/josefinwaltinspinner\/img_0944\/\" data-orig-file=\"https:\/\/i0.wp.com\/waltin.se\/josefinwaltinspinner\/wp-content\/uploads\/2020\/03\/IMG_0944-scaled.jpeg?fit=2404%2C2560&amp;ssl=1\" data-orig-size=\"2404,2560\" data-comments-opened=\"1\" data-image-meta=\"{&quot;aperture&quot;:&quot;1.8&quot;,&quot;credit&quot;:&quot;&quot;,&quot;camera&quot;:&quot;iPhone XR&quot;,&quot;caption&quot;:&quot;&quot;,&quot;created_timestamp&quot;:&quot;1583483891&quot;,&quot;copyright&quot;:&quot;&quot;,&quot;focal_length&quot;:&quot;4.25&quot;,&quot;iso&quot;:&quot;25&quot;,&quot;shutter_speed&quot;:&quot;0.00044306601683651&quot;,&quot;title&quot;:&quot;&quot;,&quot;orientation&quot;:&quot;0&quot;}\" data-image-title=\"IMG_0944\" data-image-description=\"\" data-image-caption=\"\" data-large-file=\"https:\/\/i0.wp.com\/waltin.se\/josefinwaltinspinner\/wp-content\/uploads\/2020\/03\/IMG_0944-scaled.jpeg?fit=525%2C559&amp;ssl=1\" src=\"https:\/\/i0.wp.com\/waltin.se\/josefinwaltinspinner\/wp-content\/uploads\/2020\/03\/IMG_0944.jpeg?resize=525%2C559&#038;ssl=1\" alt=\"A pile of shiny wool in white, grey and black.\" class=\"wp-image-4372\" srcset=\"https:\/\/i0.wp.com\/waltin.se\/josefinwaltinspinner\/wp-content\/uploads\/2020\/03\/IMG_0944-scaled.jpeg?resize=962%2C1024&amp;ssl=1 962w, https:\/\/i0.wp.com\/waltin.se\/josefinwaltinspinner\/wp-content\/uploads\/2020\/03\/IMG_0944-scaled.jpeg?resize=282%2C300&amp;ssl=1 282w, https:\/\/i0.wp.com\/waltin.se\/josefinwaltinspinner\/wp-content\/uploads\/2020\/03\/IMG_0944-scaled.jpeg?resize=768%2C818&amp;ssl=1 768w, https:\/\/i0.wp.com\/waltin.se\/josefinwaltinspinner\/wp-content\/uploads\/2020\/03\/IMG_0944-scaled.jpeg?resize=1442%2C1536&amp;ssl=1 1442w, https:\/\/i0.wp.com\/waltin.se\/josefinwaltinspinner\/wp-content\/uploads\/2020\/03\/IMG_0944-scaled.jpeg?resize=1923%2C2048&amp;ssl=1 1923w, https:\/\/i0.wp.com\/waltin.se\/josefinwaltinspinner\/wp-content\/uploads\/2020\/03\/IMG_0944-scaled.jpeg?w=1050&amp;ssl=1 1050w, https:\/\/i0.wp.com\/waltin.se\/josefinwaltinspinner\/wp-content\/uploads\/2020\/03\/IMG_0944-scaled.jpeg?w=1575&amp;ssl=1 1575w\" sizes=\"auto, (max-width: 767px) 89vw, (max-width: 1000px) 54vw, (max-width: 1071px) 543px, 580px\" \/><figcaption>Washed rya locks in all the greys.<\/figcaption><\/figure>\n\n\n\n<p>I also found a shepherdess who had the loveliest traditional style <a href=\"https:\/\/waltin.se\/josefinwaltinspinner\/varmland-wool\/\">V\u00e4rmland fleeces<\/a>. After all, we were in the county of V\u00e4rmland so it would only natural to buy a V\u00e4rmland fleece. I got two extremely soft fleeces \u2013 one in shades of grey and one in rosy brown tones. The ewes were four and six years old and I couldn&#8217;t believe how soft they were.<\/p>\n\n\n\n<figure class=\"wp-block-image size-large\"><img data-recalc-dims=\"1\" loading=\"lazy\" decoding=\"async\" width=\"525\" height=\"317\" data-attachment-id=\"4368\" data-permalink=\"https:\/\/waltin.se\/josefinwaltinspinner\/img_0829\/\" data-orig-file=\"https:\/\/i0.wp.com\/waltin.se\/josefinwaltinspinner\/wp-content\/uploads\/2020\/03\/IMG_0829-scaled.jpeg?fit=2560%2C1549&amp;ssl=1\" data-orig-size=\"2560,1549\" data-comments-opened=\"1\" data-image-meta=\"{&quot;aperture&quot;:&quot;1.8&quot;,&quot;credit&quot;:&quot;&quot;,&quot;camera&quot;:&quot;iPhone XR&quot;,&quot;caption&quot;:&quot;&quot;,&quot;created_timestamp&quot;:&quot;1583250575&quot;,&quot;copyright&quot;:&quot;&quot;,&quot;focal_length&quot;:&quot;4.25&quot;,&quot;iso&quot;:&quot;400&quot;,&quot;shutter_speed&quot;:&quot;0.021739130434783&quot;,&quot;title&quot;:&quot;&quot;,&quot;orientation&quot;:&quot;0&quot;}\" data-image-title=\"IMG_0829\" data-image-description=\"\" data-image-caption=\"\" data-large-file=\"https:\/\/i0.wp.com\/waltin.se\/josefinwaltinspinner\/wp-content\/uploads\/2020\/03\/IMG_0829-scaled.jpeg?fit=525%2C317&amp;ssl=1\" src=\"https:\/\/i0.wp.com\/waltin.se\/josefinwaltinspinner\/wp-content\/uploads\/2020\/03\/IMG_0829.jpeg?resize=525%2C317&#038;ssl=1\" alt=\"A row of shiny locks in different staple types from white to dark grey.\" class=\"wp-image-4368\" srcset=\"https:\/\/i0.wp.com\/waltin.se\/josefinwaltinspinner\/wp-content\/uploads\/2020\/03\/IMG_0829-scaled.jpeg?resize=1024%2C619&amp;ssl=1 1024w, https:\/\/i0.wp.com\/waltin.se\/josefinwaltinspinner\/wp-content\/uploads\/2020\/03\/IMG_0829-scaled.jpeg?resize=300%2C181&amp;ssl=1 300w, https:\/\/i0.wp.com\/waltin.se\/josefinwaltinspinner\/wp-content\/uploads\/2020\/03\/IMG_0829-scaled.jpeg?resize=768%2C465&amp;ssl=1 768w, https:\/\/i0.wp.com\/waltin.se\/josefinwaltinspinner\/wp-content\/uploads\/2020\/03\/IMG_0829-scaled.jpeg?resize=1536%2C929&amp;ssl=1 1536w, https:\/\/i0.wp.com\/waltin.se\/josefinwaltinspinner\/wp-content\/uploads\/2020\/03\/IMG_0829-scaled.jpeg?resize=2048%2C1239&amp;ssl=1 2048w\" sizes=\"auto, (max-width: 767px) 89vw, (max-width: 1000px) 54vw, (max-width: 1071px) 543px, 580px\" \/><figcaption>Unwashed staples from the V\u00e4rmland ewe Rutan, born in 2014. She has all shades of grey and many different staple types.<\/figcaption><\/figure>\n\n\n\n<p>My last fleece was a lovely \u00c5sen fleece in a very light grey with some black tips. Soft, airy and shiny. I had bought fleece from this shepherdess before and I knew I would get good quality from her.<\/p>\n\n\n\n<figure class=\"wp-block-image size-large\"><img data-recalc-dims=\"1\" loading=\"lazy\" decoding=\"async\" width=\"525\" height=\"312\" data-attachment-id=\"4371\" data-permalink=\"https:\/\/waltin.se\/josefinwaltinspinner\/img_0943\/\" data-orig-file=\"https:\/\/i0.wp.com\/waltin.se\/josefinwaltinspinner\/wp-content\/uploads\/2020\/03\/IMG_0943-scaled.jpeg?fit=2560%2C1522&amp;ssl=1\" data-orig-size=\"2560,1522\" data-comments-opened=\"1\" data-image-meta=\"{&quot;aperture&quot;:&quot;1.8&quot;,&quot;credit&quot;:&quot;&quot;,&quot;camera&quot;:&quot;iPhone XR&quot;,&quot;caption&quot;:&quot;&quot;,&quot;created_timestamp&quot;:&quot;1583483820&quot;,&quot;copyright&quot;:&quot;&quot;,&quot;focal_length&quot;:&quot;4.25&quot;,&quot;iso&quot;:&quot;32&quot;,&quot;shutter_speed&quot;:&quot;0.0081967213114754&quot;,&quot;title&quot;:&quot;&quot;,&quot;orientation&quot;:&quot;0&quot;}\" data-image-title=\"IMG_0943\" data-image-description=\"\" data-image-caption=\"\" data-large-file=\"https:\/\/i0.wp.com\/waltin.se\/josefinwaltinspinner\/wp-content\/uploads\/2020\/03\/IMG_0943-scaled.jpeg?fit=525%2C312&amp;ssl=1\" src=\"https:\/\/i0.wp.com\/waltin.se\/josefinwaltinspinner\/wp-content\/uploads\/2020\/03\/IMG_0943.jpeg?resize=525%2C312&#038;ssl=1\" alt=\"Staples of white wool with black tips.\" class=\"wp-image-4371\" srcset=\"https:\/\/i0.wp.com\/waltin.se\/josefinwaltinspinner\/wp-content\/uploads\/2020\/03\/IMG_0943-scaled.jpeg?resize=1024%2C609&amp;ssl=1 1024w, https:\/\/i0.wp.com\/waltin.se\/josefinwaltinspinner\/wp-content\/uploads\/2020\/03\/IMG_0943-scaled.jpeg?resize=300%2C178&amp;ssl=1 300w, https:\/\/i0.wp.com\/waltin.se\/josefinwaltinspinner\/wp-content\/uploads\/2020\/03\/IMG_0943-scaled.jpeg?resize=768%2C457&amp;ssl=1 768w, https:\/\/i0.wp.com\/waltin.se\/josefinwaltinspinner\/wp-content\/uploads\/2020\/03\/IMG_0943-scaled.jpeg?resize=1536%2C913&amp;ssl=1 1536w, https:\/\/i0.wp.com\/waltin.se\/josefinwaltinspinner\/wp-content\/uploads\/2020\/03\/IMG_0943-scaled.jpeg?resize=2048%2C1218&amp;ssl=1 2048w\" sizes=\"auto, (max-width: 767px) 89vw, (max-width: 1000px) 54vw, (max-width: 1071px) 543px, 580px\" \/><figcaption>Unwashed locks from \u00c5sen lamb with fluffy white undercoat and black outercoat.<\/figcaption><\/figure>\n\n\n\n<p>All fleeces have now been washed. It is too cold outside for a <a href=\"https:\/\/waltin.se\/josefinwaltinspinner\/washing-fleece\/\">fermented suint bath<\/a>, so I have just washed them in warm water with three rinses, no chemicals added.<\/p>\n\n\n\n<hr class=\"wp-block-separator\"\/>\n\n\n\n<p>All in all it was a wonderful weekend with lots of new inspiration and ideas buzzing in my head. It did take a lot of energy, though, and this past week I have been very tired. When you read this post I have shut out the world and gone to a mini yoga retreat. Over and out.<\/p>\n\n\n\n<p class=\"has-text-align-center has-medium-font-size\">Happy spinning!<\/p>\n\n\n\n<hr class=\"wp-block-separator\"\/>\n\n\n\n<p class=\"has-text-align-center has-medium-font-size\">You can follow me in several social media:<\/p>\n\n\n\n<ul class=\"wp-block-list\"><li><strong>This&nbsp;<a href=\"https:\/\/waltin.se\/josefinwaltinspinner\/blog\/\">blog<\/a>&nbsp;is my main channel<\/strong>. This is where I write posts about spinning, but also where I explain a bit more about videos I release. Sometimes I make videos that are on the blog only.&nbsp;<em>Subscribe or make an rss feed to be sure not to miss any posts.<\/em><\/li><li>My&nbsp;<strong><a href=\"https:\/\/www.youtube.com\/channel\/UCLBBuYv4kff8RQ_oY-PNEqg?view_as=subscriber\">youtube channel<\/a><\/strong>&nbsp;is where I release a lot of my videos.&nbsp;<em>Subscribe to be sure not to miss anything!<\/em><\/li><li>I have a&nbsp;<strong><a href=\"https:\/\/www.facebook.com\/josefinwaltinspinner\/\">facebook page<\/a><\/strong>&nbsp;where I link to all my blog posts,&nbsp;<em>you are welcome to follow me there.<\/em><\/li><li>I run an&nbsp;<strong><a href=\"https:\/\/josefinwaltinspinner.teachable.com\">online spinning school<\/a><\/strong>, welcome to join a course! You can also check out my <a href=\"https:\/\/waltin.se\/josefinwaltinspinner\/courses-kurser\/\">course page<\/a> for courses in Sweden.<\/li><li>On&nbsp;<strong><a href=\"https:\/\/www.patreon.com\/josefinwaltinspinner\/posts\">Patreon<\/a><\/strong>&nbsp;you can get early access to new videos and other Patreon only benefits. <strong>The contributions from my patrons is an important way to cover the costs, time and energy I put into the videos and blog posts I create<\/strong>. Shooting and editing a 3 minute video takes about 5 hours. Writing a blog post around 3. You can read more about my&nbsp;<a href=\"https:\/\/www.patreon.com\/josefinwaltinspinner\/overview\">Patreon page<\/a>&nbsp;here.<\/li><li>Follow me on&nbsp;<a href=\"https:\/\/www.instagram.com\/josefinwaltin\/\"><strong>Instagram<\/strong>.<\/a>&nbsp; I announce new blog posts, share images from behind the scenes and post lots of woolliness.<\/li><li>In all the social media I offer, you are more than welcome to contact me. Interacting with you helps me make better content. My private Facebook page, however, will remain private.<br><em>If you like what I do, please tell all your fiber friends and share these links!\ufeff<\/em><\/li><\/ul>\n","protected":false},"excerpt":{"rendered":"<p>This past weekend I attended the sheep festival in Kil in V\u00e4rmland, Sweden. It is an annual event that attracts thousands of visitors. This was the 14th festival. The aim of the festival is to spread knowledge, inspire and facilitate networking with the four legs of the sheep as a foundation \u2013 wool, skin, meat &hellip; <\/p>\n<p class=\"link-more\"><a href=\"https:\/\/waltin.se\/josefinwaltinspinner\/sheep-festival\/\" class=\"more-link\">Continue reading<span class=\"screen-reader-text\"> &#8220;Sheep festival&#8221;<\/span><\/a><\/p>\n","protected":false},"author":2,"featured_media":4361,"comment_status":"open","ping_status":"open","sticky":false,"template":"","format":"standard","meta":{"jetpack_post_was_ever_published":false,"_jetpack_newsletter_access":"","_jetpack_dont_email_post_to_subs":false,"_jetpack_newsletter_tier_id":0,"_jetpack_memberships_contains_paywalled_content":false,"_jetpack_memberships_contains_paid_content":false,"footnotes":"","jetpack_publicize_message":"","jetpack_publicize_feature_enabled":true,"jetpack_social_post_already_shared":true,"jetpack_social_options":{"image_generator_settings":{"template":"highway","default_image_id":0,"font":"","enabled":false},"version":2}},"categories":[40],"tags":[19,12],"class_list":["post-4349","post","type-post","status-publish","format-standard","has-post-thumbnail","hentry","category-for-the-love-of","tag-sheep","tag-wool"],"yoast_head":"<!-- This site is optimized with the Yoast SEO plugin v24.9 - https:\/\/yoast.com\/wordpress\/plugins\/seo\/ -->\n<title>Sheep festival - Josefin Waltin spinner<\/title>\n<meta name=\"description\" content=\"Last weekend I attended the annual sheep festival in Kil in V\u00e4rmland, Sweden. In today&#039;s post I write about the festival, wool and wool people I met.\" \/>\n<meta name=\"robots\" content=\"index, follow, max-snippet:-1, max-image-preview:large, max-video-preview:-1\" \/>\n<link rel=\"canonical\" href=\"https:\/\/waltin.se\/josefinwaltinspinner\/sheep-festival\/\" \/>\n<meta property=\"og:locale\" content=\"en_US\" \/>\n<meta property=\"og:type\" content=\"article\" \/>\n<meta property=\"og:title\" content=\"Sheep festival - Josefin Waltin spinner\" \/>\n<meta property=\"og:description\" content=\"Last weekend I attended the annual sheep festival in Kil in V\u00e4rmland, Sweden. In today&#039;s post I write about the festival, wool and wool people I met.\" \/>\n<meta property=\"og:url\" content=\"https:\/\/waltin.se\/josefinwaltinspinner\/sheep-festival\/\" \/>\n<meta property=\"og:site_name\" content=\"Josefin Waltin spinner\" \/>\n<meta property=\"article:published_time\" content=\"2020-03-07T06:45:05+00:00\" \/>\n<meta property=\"article:modified_time\" content=\"2020-03-07T15:00:46+00:00\" \/>\n<meta property=\"og:image\" content=\"https:\/\/i0.wp.com\/waltin.se\/josefinwaltinspinner\/wp-content\/uploads\/2020\/03\/IMG_0830.jpeg?fit=1269%2C828&ssl=1\" \/>\n\t<meta property=\"og:image:width\" content=\"1269\" \/>\n\t<meta property=\"og:image:height\" content=\"828\" \/>\n\t<meta property=\"og:image:type\" content=\"image\/jpeg\" \/>\n<meta name=\"author\" content=\"Josefin Waltin\" \/>\n<meta name=\"twitter:card\" content=\"summary_large_image\" \/>\n<meta name=\"twitter:label1\" content=\"Written by\" \/>\n\t<meta name=\"twitter:data1\" content=\"Josefin Waltin\" \/>\n\t<meta name=\"twitter:label2\" content=\"Est. reading time\" \/>\n\t<meta name=\"twitter:data2\" content=\"9 minutes\" \/>\n<script type=\"application\/ld+json\" class=\"yoast-schema-graph\">{\"@context\":\"https:\/\/schema.org\",\"@graph\":[{\"@type\":\"Article\",\"@id\":\"https:\/\/waltin.se\/josefinwaltinspinner\/sheep-festival\/#article\",\"isPartOf\":{\"@id\":\"https:\/\/waltin.se\/josefinwaltinspinner\/sheep-festival\/\"},\"author\":{\"name\":\"Josefin Waltin\",\"@id\":\"https:\/\/waltin.se\/josefinwaltinspinner\/#\/schema\/person\/c667208769ee1556d02310bb1722c36f\"},\"headline\":\"Sheep festival\",\"datePublished\":\"2020-03-07T06:45:05+00:00\",\"dateModified\":\"2020-03-07T15:00:46+00:00\",\"mainEntityOfPage\":{\"@id\":\"https:\/\/waltin.se\/josefinwaltinspinner\/sheep-festival\/\"},\"wordCount\":1812,\"commentCount\":5,\"publisher\":{\"@id\":\"https:\/\/waltin.se\/josefinwaltinspinner\/#\/schema\/person\/c667208769ee1556d02310bb1722c36f\"},\"image\":{\"@id\":\"https:\/\/waltin.se\/josefinwaltinspinner\/sheep-festival\/#primaryimage\"},\"thumbnailUrl\":\"https:\/\/i0.wp.com\/waltin.se\/josefinwaltinspinner\/wp-content\/uploads\/2020\/03\/IMG_0830.jpeg?fit=1269%2C828&ssl=1\",\"keywords\":[\"sheep\",\"wool\"],\"articleSection\":[\"For the love of\"],\"inLanguage\":\"en-US\",\"potentialAction\":[{\"@type\":\"CommentAction\",\"name\":\"Comment\",\"target\":[\"https:\/\/waltin.se\/josefinwaltinspinner\/sheep-festival\/#respond\"]}]},{\"@type\":\"WebPage\",\"@id\":\"https:\/\/waltin.se\/josefinwaltinspinner\/sheep-festival\/\",\"url\":\"https:\/\/waltin.se\/josefinwaltinspinner\/sheep-festival\/\",\"name\":\"Sheep festival - Josefin Waltin spinner\",\"isPartOf\":{\"@id\":\"https:\/\/waltin.se\/josefinwaltinspinner\/#website\"},\"primaryImageOfPage\":{\"@id\":\"https:\/\/waltin.se\/josefinwaltinspinner\/sheep-festival\/#primaryimage\"},\"image\":{\"@id\":\"https:\/\/waltin.se\/josefinwaltinspinner\/sheep-festival\/#primaryimage\"},\"thumbnailUrl\":\"https:\/\/i0.wp.com\/waltin.se\/josefinwaltinspinner\/wp-content\/uploads\/2020\/03\/IMG_0830.jpeg?fit=1269%2C828&ssl=1\",\"datePublished\":\"2020-03-07T06:45:05+00:00\",\"dateModified\":\"2020-03-07T15:00:46+00:00\",\"description\":\"Last weekend I attended the annual sheep festival in Kil in V\u00e4rmland, Sweden. In today's post I write about the festival, wool and wool people I met.\",\"breadcrumb\":{\"@id\":\"https:\/\/waltin.se\/josefinwaltinspinner\/sheep-festival\/#breadcrumb\"},\"inLanguage\":\"en-US\",\"potentialAction\":[{\"@type\":\"ReadAction\",\"target\":[\"https:\/\/waltin.se\/josefinwaltinspinner\/sheep-festival\/\"]}]},{\"@type\":\"ImageObject\",\"inLanguage\":\"en-US\",\"@id\":\"https:\/\/waltin.se\/josefinwaltinspinner\/sheep-festival\/#primaryimage\",\"url\":\"https:\/\/i0.wp.com\/waltin.se\/josefinwaltinspinner\/wp-content\/uploads\/2020\/03\/IMG_0830.jpeg?fit=1269%2C828&ssl=1\",\"contentUrl\":\"https:\/\/i0.wp.com\/waltin.se\/josefinwaltinspinner\/wp-content\/uploads\/2020\/03\/IMG_0830.jpeg?fit=1269%2C828&ssl=1\",\"width\":1269,\"height\":828},{\"@type\":\"BreadcrumbList\",\"@id\":\"https:\/\/waltin.se\/josefinwaltinspinner\/sheep-festival\/#breadcrumb\",\"itemListElement\":[{\"@type\":\"ListItem\",\"position\":1,\"name\":\"Home\",\"item\":\"https:\/\/waltin.se\/josefinwaltinspinner\/\"},{\"@type\":\"ListItem\",\"position\":2,\"name\":\"Sheep festival\"}]},{\"@type\":\"WebSite\",\"@id\":\"https:\/\/waltin.se\/josefinwaltinspinner\/#website\",\"url\":\"https:\/\/waltin.se\/josefinwaltinspinner\/\",\"name\":\"Josefin Waltin spinner\",\"description\":\"For the love of spinning\",\"publisher\":{\"@id\":\"https:\/\/waltin.se\/josefinwaltinspinner\/#\/schema\/person\/c667208769ee1556d02310bb1722c36f\"},\"potentialAction\":[{\"@type\":\"SearchAction\",\"target\":{\"@type\":\"EntryPoint\",\"urlTemplate\":\"https:\/\/waltin.se\/josefinwaltinspinner\/?s={search_term_string}\"},\"query-input\":{\"@type\":\"PropertyValueSpecification\",\"valueRequired\":true,\"valueName\":\"search_term_string\"}}],\"inLanguage\":\"en-US\"},{\"@type\":[\"Person\",\"Organization\"],\"@id\":\"https:\/\/waltin.se\/josefinwaltinspinner\/#\/schema\/person\/c667208769ee1556d02310bb1722c36f\",\"name\":\"Josefin Waltin\",\"image\":{\"@type\":\"ImageObject\",\"inLanguage\":\"en-US\",\"@id\":\"https:\/\/waltin.se\/josefinwaltinspinner\/#\/schema\/person\/image\/\",\"url\":\"https:\/\/i1.wp.com\/waltin.se\/josefinwaltinspinner\/wp-content\/uploads\/2020\/04\/Film_project_profile-1.jpg?fit=343%2C374&ssl=1\",\"contentUrl\":\"https:\/\/i1.wp.com\/waltin.se\/josefinwaltinspinner\/wp-content\/uploads\/2020\/04\/Film_project_profile-1.jpg?fit=343%2C374&ssl=1\",\"width\":343,\"height\":374,\"caption\":\"Josefin Waltin\"},\"logo\":{\"@id\":\"https:\/\/waltin.se\/josefinwaltinspinner\/#\/schema\/person\/image\/\"},\"sameAs\":[\"https:\/\/waltin.se\/josefinwaltinspinner\"]}]}<\/script>\n<!-- \/ Yoast SEO plugin. -->","yoast_head_json":{"title":"Sheep festival - Josefin Waltin spinner","description":"Last weekend I attended the annual sheep festival in Kil in V\u00e4rmland, Sweden. In today's post I write about the festival, wool and wool people I met.","robots":{"index":"index","follow":"follow","max-snippet":"max-snippet:-1","max-image-preview":"max-image-preview:large","max-video-preview":"max-video-preview:-1"},"canonical":"https:\/\/waltin.se\/josefinwaltinspinner\/sheep-festival\/","og_locale":"en_US","og_type":"article","og_title":"Sheep festival - Josefin Waltin spinner","og_description":"Last weekend I attended the annual sheep festival in Kil in V\u00e4rmland, Sweden. In today's post I write about the festival, wool and wool people I met.","og_url":"https:\/\/waltin.se\/josefinwaltinspinner\/sheep-festival\/","og_site_name":"Josefin Waltin spinner","article_published_time":"2020-03-07T06:45:05+00:00","article_modified_time":"2020-03-07T15:00:46+00:00","og_image":[{"width":1269,"height":828,"url":"https:\/\/i0.wp.com\/waltin.se\/josefinwaltinspinner\/wp-content\/uploads\/2020\/03\/IMG_0830.jpeg?fit=1269%2C828&ssl=1","type":"image\/jpeg"}],"author":"Josefin Waltin","twitter_card":"summary_large_image","twitter_misc":{"Written by":"Josefin Waltin","Est. reading time":"9 minutes"},"schema":{"@context":"https:\/\/schema.org","@graph":[{"@type":"Article","@id":"https:\/\/waltin.se\/josefinwaltinspinner\/sheep-festival\/#article","isPartOf":{"@id":"https:\/\/waltin.se\/josefinwaltinspinner\/sheep-festival\/"},"author":{"name":"Josefin Waltin","@id":"https:\/\/waltin.se\/josefinwaltinspinner\/#\/schema\/person\/c667208769ee1556d02310bb1722c36f"},"headline":"Sheep festival","datePublished":"2020-03-07T06:45:05+00:00","dateModified":"2020-03-07T15:00:46+00:00","mainEntityOfPage":{"@id":"https:\/\/waltin.se\/josefinwaltinspinner\/sheep-festival\/"},"wordCount":1812,"commentCount":5,"publisher":{"@id":"https:\/\/waltin.se\/josefinwaltinspinner\/#\/schema\/person\/c667208769ee1556d02310bb1722c36f"},"image":{"@id":"https:\/\/waltin.se\/josefinwaltinspinner\/sheep-festival\/#primaryimage"},"thumbnailUrl":"https:\/\/i0.wp.com\/waltin.se\/josefinwaltinspinner\/wp-content\/uploads\/2020\/03\/IMG_0830.jpeg?fit=1269%2C828&ssl=1","keywords":["sheep","wool"],"articleSection":["For the love of"],"inLanguage":"en-US","potentialAction":[{"@type":"CommentAction","name":"Comment","target":["https:\/\/waltin.se\/josefinwaltinspinner\/sheep-festival\/#respond"]}]},{"@type":"WebPage","@id":"https:\/\/waltin.se\/josefinwaltinspinner\/sheep-festival\/","url":"https:\/\/waltin.se\/josefinwaltinspinner\/sheep-festival\/","name":"Sheep festival - Josefin Waltin spinner","isPartOf":{"@id":"https:\/\/waltin.se\/josefinwaltinspinner\/#website"},"primaryImageOfPage":{"@id":"https:\/\/waltin.se\/josefinwaltinspinner\/sheep-festival\/#primaryimage"},"image":{"@id":"https:\/\/waltin.se\/josefinwaltinspinner\/sheep-festival\/#primaryimage"},"thumbnailUrl":"https:\/\/i0.wp.com\/waltin.se\/josefinwaltinspinner\/wp-content\/uploads\/2020\/03\/IMG_0830.jpeg?fit=1269%2C828&ssl=1","datePublished":"2020-03-07T06:45:05+00:00","dateModified":"2020-03-07T15:00:46+00:00","description":"Last weekend I attended the annual sheep festival in Kil in V\u00e4rmland, Sweden. In today's post I write about the festival, wool and wool people I met.","breadcrumb":{"@id":"https:\/\/waltin.se\/josefinwaltinspinner\/sheep-festival\/#breadcrumb"},"inLanguage":"en-US","potentialAction":[{"@type":"ReadAction","target":["https:\/\/waltin.se\/josefinwaltinspinner\/sheep-festival\/"]}]},{"@type":"ImageObject","inLanguage":"en-US","@id":"https:\/\/waltin.se\/josefinwaltinspinner\/sheep-festival\/#primaryimage","url":"https:\/\/i0.wp.com\/waltin.se\/josefinwaltinspinner\/wp-content\/uploads\/2020\/03\/IMG_0830.jpeg?fit=1269%2C828&ssl=1","contentUrl":"https:\/\/i0.wp.com\/waltin.se\/josefinwaltinspinner\/wp-content\/uploads\/2020\/03\/IMG_0830.jpeg?fit=1269%2C828&ssl=1","width":1269,"height":828},{"@type":"BreadcrumbList","@id":"https:\/\/waltin.se\/josefinwaltinspinner\/sheep-festival\/#breadcrumb","itemListElement":[{"@type":"ListItem","position":1,"name":"Home","item":"https:\/\/waltin.se\/josefinwaltinspinner\/"},{"@type":"ListItem","position":2,"name":"Sheep festival"}]},{"@type":"WebSite","@id":"https:\/\/waltin.se\/josefinwaltinspinner\/#website","url":"https:\/\/waltin.se\/josefinwaltinspinner\/","name":"Josefin Waltin spinner","description":"For the love of spinning","publisher":{"@id":"https:\/\/waltin.se\/josefinwaltinspinner\/#\/schema\/person\/c667208769ee1556d02310bb1722c36f"},"potentialAction":[{"@type":"SearchAction","target":{"@type":"EntryPoint","urlTemplate":"https:\/\/waltin.se\/josefinwaltinspinner\/?s={search_term_string}"},"query-input":{"@type":"PropertyValueSpecification","valueRequired":true,"valueName":"search_term_string"}}],"inLanguage":"en-US"},{"@type":["Person","Organization"],"@id":"https:\/\/waltin.se\/josefinwaltinspinner\/#\/schema\/person\/c667208769ee1556d02310bb1722c36f","name":"Josefin Waltin","image":{"@type":"ImageObject","inLanguage":"en-US","@id":"https:\/\/waltin.se\/josefinwaltinspinner\/#\/schema\/person\/image\/","url":"https:\/\/i1.wp.com\/waltin.se\/josefinwaltinspinner\/wp-content\/uploads\/2020\/04\/Film_project_profile-1.jpg?fit=343%2C374&ssl=1","contentUrl":"https:\/\/i1.wp.com\/waltin.se\/josefinwaltinspinner\/wp-content\/uploads\/2020\/04\/Film_project_profile-1.jpg?fit=343%2C374&ssl=1","width":343,"height":374,"caption":"Josefin Waltin"},"logo":{"@id":"https:\/\/waltin.se\/josefinwaltinspinner\/#\/schema\/person\/image\/"},"sameAs":["https:\/\/waltin.se\/josefinwaltinspinner"]}]}},"jetpack_publicize_connections":[],"jetpack_featured_media_url":"https:\/\/i0.wp.com\/waltin.se\/josefinwaltinspinner\/wp-content\/uploads\/2020\/03\/IMG_0830.jpeg?fit=1269%2C828&ssl=1","jetpack_sharing_enabled":true,"jetpack_shortlink":"https:\/\/wp.me\/p8HrgO-189","jetpack-related-posts":[{"id":4694,"url":"https:\/\/waltin.se\/josefinwaltinspinner\/finull-wool\/","url_meta":{"origin":4349,"position":0},"title":"Finull wool","author":"Josefin Waltin","date":"May 30, 2020","format":false,"excerpt":"The first wool I ever dug my hands into was the fleece of Pia-Lotta the finull sheep (Swedish finewool). Finull wool is my home wool, the wool I feel I know the the best. Finull sheep is one of only three wool breeds in Sweden \u2013 breeds where wool is\u2026","rel":"","context":"In &quot;Fiber preparation&quot;","block_context":{"text":"Fiber preparation","link":"https:\/\/waltin.se\/josefinwaltinspinner\/category\/fiber-preparation\/"},"img":{"alt_text":"Two-end knitted mittens from finull yarn. Photo by Dan Waltin","src":"https:\/\/i0.wp.com\/waltin.se\/josefinwaltinspinner\/wp-content\/uploads\/2020\/05\/IMG_2909-edited-scaled.jpg?fit=1200%2C800&ssl=1&resize=350%2C200","width":350,"height":200,"srcset":"https:\/\/i0.wp.com\/waltin.se\/josefinwaltinspinner\/wp-content\/uploads\/2020\/05\/IMG_2909-edited-scaled.jpg?fit=1200%2C800&ssl=1&resize=350%2C200 1x, https:\/\/i0.wp.com\/waltin.se\/josefinwaltinspinner\/wp-content\/uploads\/2020\/05\/IMG_2909-edited-scaled.jpg?fit=1200%2C800&ssl=1&resize=525%2C300 1.5x, https:\/\/i0.wp.com\/waltin.se\/josefinwaltinspinner\/wp-content\/uploads\/2020\/05\/IMG_2909-edited-scaled.jpg?fit=1200%2C800&ssl=1&resize=700%2C400 2x, https:\/\/i0.wp.com\/waltin.se\/josefinwaltinspinner\/wp-content\/uploads\/2020\/05\/IMG_2909-edited-scaled.jpg?fit=1200%2C800&ssl=1&resize=1050%2C600 3x"},"classes":[]},{"id":6879,"url":"https:\/\/waltin.se\/josefinwaltinspinner\/gestrike-wool\/","url_meta":{"origin":4349,"position":1},"title":"Gestrike wool","author":"Josefin Waltin","date":"October 16, 2021","format":false,"excerpt":"One of the ten Swedish conservation sheep breeds is Gestrike sheep. Today's blog post and an upcoming breed study webinar are all about Gestrike wool. This is my tenth breed study. Previous breed studies have been about Gotland wool, Gute wool, Dalap\u00e4ls wool, V\u00e4rmland wool, J\u00e4mtland wool, finull wool, rya\u2026","rel":"","context":"In &quot;Fiber preparation&quot;","block_context":{"text":"Fiber preparation","link":"https:\/\/waltin.se\/josefinwaltinspinner\/category\/fiber-preparation\/"},"img":{"alt_text":"","src":"https:\/\/i0.wp.com\/waltin.se\/josefinwaltinspinner\/wp-content\/uploads\/2021\/10\/IMG_3376-scaled.jpeg?fit=1200%2C1052&ssl=1&resize=350%2C200","width":350,"height":200,"srcset":"https:\/\/i0.wp.com\/waltin.se\/josefinwaltinspinner\/wp-content\/uploads\/2021\/10\/IMG_3376-scaled.jpeg?fit=1200%2C1052&ssl=1&resize=350%2C200 1x, https:\/\/i0.wp.com\/waltin.se\/josefinwaltinspinner\/wp-content\/uploads\/2021\/10\/IMG_3376-scaled.jpeg?fit=1200%2C1052&ssl=1&resize=525%2C300 1.5x, https:\/\/i0.wp.com\/waltin.se\/josefinwaltinspinner\/wp-content\/uploads\/2021\/10\/IMG_3376-scaled.jpeg?fit=1200%2C1052&ssl=1&resize=700%2C400 2x, https:\/\/i0.wp.com\/waltin.se\/josefinwaltinspinner\/wp-content\/uploads\/2021\/10\/IMG_3376-scaled.jpeg?fit=1200%2C1052&ssl=1&resize=1050%2C600 3x"},"classes":[]},{"id":5881,"url":"https:\/\/waltin.se\/josefinwaltinspinner\/wool-type\/","url_meta":{"origin":4349,"position":2},"title":"Wool type","author":"Josefin Waltin","date":"January 16, 2021","format":false,"excerpt":"There are many ways to describe and categorize wool. Many countries have their own way of describing wool, probably in a way that is suitable for the sheep breeds that are most common in that particular country. The traditional way to describe wool in Sweden is by wool type. Wool\u2026","rel":"","context":"In &quot;Fiber preparation&quot;","block_context":{"text":"Fiber preparation","link":"https:\/\/waltin.se\/josefinwaltinspinner\/category\/fiber-preparation\/"},"img":{"alt_text":"P\u00e4lsull, rya, vadmal and finull type wool frame one V\u00e4rmland fleece.","src":"https:\/\/i0.wp.com\/waltin.se\/josefinwaltinspinner\/wp-content\/uploads\/2021\/01\/IMG_7159-scaled.jpeg?fit=1200%2C900&ssl=1&resize=350%2C200","width":350,"height":200,"srcset":"https:\/\/i0.wp.com\/waltin.se\/josefinwaltinspinner\/wp-content\/uploads\/2021\/01\/IMG_7159-scaled.jpeg?fit=1200%2C900&ssl=1&resize=350%2C200 1x, https:\/\/i0.wp.com\/waltin.se\/josefinwaltinspinner\/wp-content\/uploads\/2021\/01\/IMG_7159-scaled.jpeg?fit=1200%2C900&ssl=1&resize=525%2C300 1.5x, https:\/\/i0.wp.com\/waltin.se\/josefinwaltinspinner\/wp-content\/uploads\/2021\/01\/IMG_7159-scaled.jpeg?fit=1200%2C900&ssl=1&resize=700%2C400 2x, https:\/\/i0.wp.com\/waltin.se\/josefinwaltinspinner\/wp-content\/uploads\/2021\/01\/IMG_7159-scaled.jpeg?fit=1200%2C900&ssl=1&resize=1050%2C600 3x"},"classes":[]},{"id":11567,"url":"https:\/\/waltin.se\/josefinwaltinspinner\/soothing-wool\/","url_meta":{"origin":4349,"position":3},"title":"Soothing wool","author":"Josefin Waltin","date":"March 15, 2025","format":false,"excerpt":"Sometimes everything seems to happen at the same time, and there is little energy left to breathe. The state of the world, a long period of stress at work and aging parents all add up to tension. Having soothing wool go through my hands is one thing that keeps me\u2026","rel":"","context":"In &quot;Fiber preparation&quot;","block_context":{"text":"Fiber preparation","link":"https:\/\/waltin.se\/josefinwaltinspinner\/category\/fiber-preparation\/"},"img":{"alt_text":"","src":"https:\/\/i0.wp.com\/waltin.se\/josefinwaltinspinner\/wp-content\/uploads\/2025\/03\/IMG_7357-scaled.jpeg?fit=910%2C1200&ssl=1&resize=350%2C200","width":350,"height":200,"srcset":"https:\/\/i0.wp.com\/waltin.se\/josefinwaltinspinner\/wp-content\/uploads\/2025\/03\/IMG_7357-scaled.jpeg?fit=910%2C1200&ssl=1&resize=350%2C200 1x, https:\/\/i0.wp.com\/waltin.se\/josefinwaltinspinner\/wp-content\/uploads\/2025\/03\/IMG_7357-scaled.jpeg?fit=910%2C1200&ssl=1&resize=525%2C300 1.5x, https:\/\/i0.wp.com\/waltin.se\/josefinwaltinspinner\/wp-content\/uploads\/2025\/03\/IMG_7357-scaled.jpeg?fit=910%2C1200&ssl=1&resize=700%2C400 2x"},"classes":[]},{"id":11087,"url":"https:\/\/waltin.se\/josefinwaltinspinner\/into-the-forest\/","url_meta":{"origin":4349,"position":4},"title":"Into the forest","author":"Josefin Waltin","date":"July 20, 2024","format":false,"excerpt":"During the past year Dan and I have visited sheep owners to take photos of Swedish sheep breeds for my book, Listen to the Wool. Today I invite you into the forest for a photo shoot of a forest breed, \u00c5sen sheep. Dan and I go to see Milis and\u2026","rel":"","context":"In &quot;For the love of&quot;","block_context":{"text":"For the love of","link":"https:\/\/waltin.se\/josefinwaltinspinner\/category\/for-the-love-of\/"},"img":{"alt_text":"","src":"https:\/\/i0.wp.com\/waltin.se\/josefinwaltinspinner\/wp-content\/uploads\/2024\/07\/IMG_2477-scaled.jpeg?fit=1200%2C949&ssl=1&resize=350%2C200","width":350,"height":200,"srcset":"https:\/\/i0.wp.com\/waltin.se\/josefinwaltinspinner\/wp-content\/uploads\/2024\/07\/IMG_2477-scaled.jpeg?fit=1200%2C949&ssl=1&resize=350%2C200 1x, https:\/\/i0.wp.com\/waltin.se\/josefinwaltinspinner\/wp-content\/uploads\/2024\/07\/IMG_2477-scaled.jpeg?fit=1200%2C949&ssl=1&resize=525%2C300 1.5x, https:\/\/i0.wp.com\/waltin.se\/josefinwaltinspinner\/wp-content\/uploads\/2024\/07\/IMG_2477-scaled.jpeg?fit=1200%2C949&ssl=1&resize=700%2C400 2x, https:\/\/i0.wp.com\/waltin.se\/josefinwaltinspinner\/wp-content\/uploads\/2024\/07\/IMG_2477-scaled.jpeg?fit=1200%2C949&ssl=1&resize=1050%2C600 3x"},"classes":[]},{"id":6377,"url":"https:\/\/waltin.se\/josefinwaltinspinner\/asen-wool\/","url_meta":{"origin":4349,"position":5},"title":"\u00c5sen wool","author":"Josefin Waltin","date":"May 22, 2021","format":false,"excerpt":"\u00c5sen sheep is one of the ten Swedish conservation breeds. Today's blog post and an upcoming breed study webinar are all about \u00c5sen wool. This is my ninth breed study. Previous breed studies have been about Gotland wool, Gute wool, Dalap\u00e4ls wool, V\u00e4rmland wool, J\u00e4mtland wool, finull wool, rya wool\u2026","rel":"","context":"In &quot;Fiber preparation&quot;","block_context":{"text":"Fiber preparation","link":"https:\/\/waltin.se\/josefinwaltinspinner\/category\/fiber-preparation\/"},"img":{"alt_text":"","src":"https:\/\/i0.wp.com\/waltin.se\/josefinwaltinspinner\/wp-content\/uploads\/2021\/05\/IMG_9981-scaled.jpeg?fit=1200%2C1160&ssl=1&resize=350%2C200","width":350,"height":200,"srcset":"https:\/\/i0.wp.com\/waltin.se\/josefinwaltinspinner\/wp-content\/uploads\/2021\/05\/IMG_9981-scaled.jpeg?fit=1200%2C1160&ssl=1&resize=350%2C200 1x, https:\/\/i0.wp.com\/waltin.se\/josefinwaltinspinner\/wp-content\/uploads\/2021\/05\/IMG_9981-scaled.jpeg?fit=1200%2C1160&ssl=1&resize=525%2C300 1.5x, https:\/\/i0.wp.com\/waltin.se\/josefinwaltinspinner\/wp-content\/uploads\/2021\/05\/IMG_9981-scaled.jpeg?fit=1200%2C1160&ssl=1&resize=700%2C400 2x, https:\/\/i0.wp.com\/waltin.se\/josefinwaltinspinner\/wp-content\/uploads\/2021\/05\/IMG_9981-scaled.jpeg?fit=1200%2C1160&ssl=1&resize=1050%2C600 3x"},"classes":[]}],"_links":{"self":[{"href":"https:\/\/waltin.se\/josefinwaltinspinner\/wp-json\/wp\/v2\/posts\/4349","targetHints":{"allow":["GET"]}}],"collection":[{"href":"https:\/\/waltin.se\/josefinwaltinspinner\/wp-json\/wp\/v2\/posts"}],"about":[{"href":"https:\/\/waltin.se\/josefinwaltinspinner\/wp-json\/wp\/v2\/types\/post"}],"author":[{"embeddable":true,"href":"https:\/\/waltin.se\/josefinwaltinspinner\/wp-json\/wp\/v2\/users\/2"}],"replies":[{"embeddable":true,"href":"https:\/\/waltin.se\/josefinwaltinspinner\/wp-json\/wp\/v2\/comments?post=4349"}],"version-history":[{"count":29,"href":"https:\/\/waltin.se\/josefinwaltinspinner\/wp-json\/wp\/v2\/posts\/4349\/revisions"}],"predecessor-version":[{"id":4387,"href":"https:\/\/waltin.se\/josefinwaltinspinner\/wp-json\/wp\/v2\/posts\/4349\/revisions\/4387"}],"wp:featuredmedia":[{"embeddable":true,"href":"https:\/\/waltin.se\/josefinwaltinspinner\/wp-json\/wp\/v2\/media\/4361"}],"wp:attachment":[{"href":"https:\/\/waltin.se\/josefinwaltinspinner\/wp-json\/wp\/v2\/media?parent=4349"}],"wp:term":[{"taxonomy":"category","embeddable":true,"href":"https:\/\/waltin.se\/josefinwaltinspinner\/wp-json\/wp\/v2\/categories?post=4349"},{"taxonomy":"post_tag","embeddable":true,"href":"https:\/\/waltin.se\/josefinwaltinspinner\/wp-json\/wp\/v2\/tags?post=4349"}],"curies":[{"name":"wp","href":"https:\/\/api.w.org\/{rel}","templated":true}]}}